{"id":1003,"date":"2022-07-01T15:51:01","date_gmt":"2022-07-01T13:51:01","guid":{"rendered":"https:\/\/rc-awr.at\/?p=1003"},"modified":"2022-07-01T15:51:01","modified_gmt":"2022-07-01T13:51:01","slug":"st-ruprechter-radsporttage-richard-rettegi-2x-auf-platz-2","status":"publish","type":"post","link":"https:\/\/website.rc-awr.at\/?p=1003","title":{"rendered":"St. Ruprechter Radsporttage &#8211; Richard Rettegi 2x auf Platz 2"},"content":{"rendered":"<!--[if lt IE 9]><script>document.createElement('video');<\/script><![endif]-->\n\t<div class=\"wp-playlist wp-video-playlist wp-playlist-light\">\n\t\t<video controls=\"controls\" preload=\"none\" width=\"618\"\n\t\t height=\"348\"\t><\/video>\n\t<div class=\"wp-playlist-next\"><\/div>\n\t<div class=\"wp-playlist-prev\"><\/div>\n\t<noscript>\n\t<ol>\n\t\t<li><a href='https:\/\/website.rc-awr.at\/wp-content\/uploads\/2022\/07\/Ruprecht.mp4'>St. Ruprecht<\/a><\/li>\t<\/ol>\n\t<\/noscript>\n\t<script type=\"application\/json\" class=\"wp-playlist-script\">{\"type\":\"video\",\"tracklist\":false,\"tracknumbers\":true,\"images\":true,\"artists\":true,\"tracks\":[{\"src\":\"https:\\\/\\\/website.rc-awr.at\\\/wp-content\\\/uploads\\\/2022\\\/07\\\/Ruprecht.mp4\",\"type\":\"video\\\/mp4\",\"title\":\"St. Ruprecht\",\"caption\":\"\",\"description\":\"\",\"meta\":{\"length_formatted\":\"0:06\"},\"dimensions\":{\"original\":{\"width\":1920,\"height\":1080},\"resized\":{\"width\":618,\"height\":348}},\"image\":{\"src\":\"https:\\\/\\\/website.rc-awr.at\\\/wp-includes\\\/images\\\/media\\\/video.png\",\"width\":48,\"height\":64},\"thumb\":{\"src\":\"https:\\\/\\\/website.rc-awr.at\\\/wp-includes\\\/images\\\/media\\\/video.png\",\"width\":48,\"height\":64}}]}<\/script>\n<\/div>\n\t\n<p>Letztes Wochenende ( 25\/26.06.2022) durfte ich wieder bei einem Bergzeitfahren und einem Kriterium am Start stehen .<\/p>\n<p>Der Kurs des Bergzeitfahrens am Anfang flach, dann der H\u00fcgel und oben raus wieder flach. Die Wahl des Rades keine leichte &#8211; Rennrad oder Zeitfahrrad?<br \/>\nDa ich mit Familie unterwegs war, ist das ZR daheim geblieben und ich bin das Bergrennen mit dem Kriteriumsrad gefahren. Die Entscheidung war dann einfach.<br \/>\nVom Start gut weggekommen und noch nicht alles gegeben. Die ersten Kilometer gut eingeteilt, dann ging es in den Berg und von dort an richtig Vollgas. Im Anstieg konnte ich den um eine Minute vor mir gestarteten Kontrahenten fast einholen. Auf der Fl\u00e4che oben dann den Abstand gehalten, daher gewusst, da\u00df die Zeit nicht ganz so schlecht sein konnte. Am Schluss schaute der 2. Platz heraus.<\/p>\n<p>Am Sonntag dann das Kriterium. Mit der Verletzung noch immer im Hinterkopf bin ich vorsichtig gefahren und gut wars. Erste Runde mich mal an Position 2 gesetzt und der \u00fcbermotivierte Kollege gleich mal in der 2. Kurve ausgeritten und ins Bankett gefahren. Dann mich mit Michi Kr\u00f6ll und Johann Bartl um die Punkte bei den Wertungen gepr\u00fcgelt. Am Michi war fast kein Weg vorbei zu finden. Wenn er mich mal vor gelassen hat, dann hat er sofort den Konter gesetzt.<br \/>\nAber das wei\u00df man nach ein paar Jahren, dass das so kommt. Vor der vorletzten Wertung probierte es jemand, nochmals zu attackieren. Tja was soll ich sagen &#8211; habe schon geahnt, dass das nicht gut gehen kann. N\u00e4chste Kurve war er dann weg, Vorderrad weggerutscht und rausgeflogen.<br \/>\nDie Wertung konnte ich mir dann noch holen. Trotzdem reichte es nicht Michi Kr\u00f6ll zu gef\u00e4hrden. Auch bei diesem Rennen konnte ich den 2. Platz einfahren.<\/p>\n<p>Danke an den Veranstalter, der wieder ein perfekt organisiertes Wochenende hingezaubert hat.<br \/>\nDanke an Richard f\u00fcr den Bericht und Gratulation!<\/p>\n<div id='gallery-1' class='gallery galleryid-1003 gallery-columns-3 gallery-size-thumbnail'><figure class='gallery-item'>\n\t\t\t<div class='gallery-icon landscape'>\n\t\t\t\t<a href='https:\/\/website.rc-awr.at\/?attachment_id=1002'><img width=\"150\" height=\"150\" src=\"https:\/\/website.rc-awr.at\/wp-content\/uploads\/2022\/07\/Ruprecht_07-150x150.jpg\" class=\"attachment-thumbnail size-thumbnail\" alt=\"\" decoding=\"async\" loading=\"lazy\" \/><\/a>\n\t\t\t<\/div><\/figure><figure class='gallery-item'>\n\t\t\t<div class='gallery-icon landscape'>\n\t\t\t\t<a href='https:\/\/website.rc-awr.at\/?attachment_id=996'><img width=\"150\" height=\"150\" src=\"https:\/\/website.rc-awr.at\/wp-content\/uploads\/2022\/07\/Ruprecht_01-150x150.jpg\" class=\"attachment-thumbnail size-thumbnail\" alt=\"\" decoding=\"async\" loading=\"lazy\" \/><\/a>\n\t\t\t<\/div><\/figure><figure class='gallery-item'>\n\t\t\t<div class='gallery-icon landscape'>\n\t\t\t\t<a href='https:\/\/website.rc-awr.at\/?attachment_id=1000'><img width=\"150\" height=\"150\" src=\"https:\/\/website.rc-awr.at\/wp-content\/uploads\/2022\/07\/Ruprecht_05-150x150.jpg\" class=\"attachment-thumbnail size-thumbnail\" alt=\"\" decoding=\"async\" loading=\"lazy\" \/><\/a>\n\t\t\t<\/div><\/figure><figure class='gallery-item'>\n\t\t\t<div class='gallery-icon landscape'>\n\t\t\t\t<a href='https:\/\/website.rc-awr.at\/?attachment_id=999'><img width=\"150\" height=\"150\" src=\"https:\/\/website.rc-awr.at\/wp-content\/uploads\/2022\/07\/Ruprecht_04-150x150.jpg\" class=\"attachment-thumbnail size-thumbnail\" alt=\"\" decoding=\"async\" loading=\"lazy\" \/><\/a>\n\t\t\t<\/div><\/figure><figure class='gallery-item'>\n\t\t\t<div class='gallery-icon landscape'>\n\t\t\t\t<a href='https:\/\/website.rc-awr.at\/?attachment_id=998'><img width=\"150\" height=\"150\" src=\"https:\/\/website.rc-awr.at\/wp-content\/uploads\/2022\/07\/Ruprecht_03-150x150.jpg\" class=\"attachment-thumbnail size-thumbnail\" alt=\"\" decoding=\"async\" loading=\"lazy\" \/><\/a>\n\t\t\t<\/div><\/figure><figure class='gallery-item'>\n\t\t\t<div class='gallery-icon landscape'>\n\t\t\t\t<a href='https:\/\/website.rc-awr.at\/?attachment_id=1001'><img width=\"150\" height=\"150\" src=\"https:\/\/website.rc-awr.at\/wp-content\/uploads\/2022\/07\/Ruprecht_06-150x150.jpg\" class=\"attachment-thumbnail size-thumbnail\" alt=\"\" decoding=\"async\" loading=\"lazy\" \/><\/a>\n\t\t\t<\/div><\/figure>\n\t\t<\/div>\n\n<p>Bericht: Rettegi<\/p>\n","protected":false},"excerpt":{"rendered":"<p>Letztes Wochenende ( 25\/26.06.2022) durfte ich wieder bei einem Bergzeitfahren und einem Kriterium am Start stehen . Der Kurs des Bergzeitfahrens am Anfang flach, dann der H&uuml;gel und oben raus<\/p>\n","protected":false},"author":2,"featured_media":997,"comment_status":"open","ping_status":"open","sticky":false,"template":"","format":"standard","meta":[],"categories":[1],"tags":[],"_links":{"self":[{"href":"https:\/\/website.rc-awr.at\/index.php?rest_route=\/wp\/v2\/posts\/1003"}],"collection":[{"href":"https:\/\/website.rc-awr.at\/index.php?rest_route=\/wp\/v2\/posts"}],"about":[{"href":"https:\/\/website.rc-awr.at\/index.php?rest_route=\/wp\/v2\/types\/post"}],"author":[{"embeddable":true,"href":"https:\/\/website.rc-awr.at\/index.php?rest_route=\/wp\/v2\/users\/2"}],"replies":[{"embeddable":true,"href":"https:\/\/website.rc-awr.at\/index.php?rest_route=%2Fwp%2Fv2%2Fcomments&post=1003"}],"version-history":[{"count":7,"href":"https:\/\/website.rc-awr.at\/index.php?rest_route=\/wp\/v2\/posts\/1003\/revisions"}],"predecessor-version":[{"id":1010,"href":"https:\/\/website.rc-awr.at\/index.php?rest_route=\/wp\/v2\/posts\/1003\/revisions\/1010"}],"wp:featuredmedia":[{"embeddable":true,"href":"https:\/\/website.rc-awr.at\/index.php?rest_route=\/wp\/v2\/media\/997"}],"wp:attachment":[{"href":"https:\/\/website.rc-awr.at\/index.php?rest_route=%2Fwp%2Fv2%2Fmedia&parent=1003"}],"wp:term":[{"taxonomy":"category","embeddable":true,"href":"https:\/\/website.rc-awr.at\/index.php?rest_route=%2Fwp%2Fv2%2Fcategories&post=1003"},{"taxonomy":"post_tag","embeddable":true,"href":"https:\/\/website.rc-awr.at\/index.php?rest_route=%2Fwp%2Fv2%2Ftags&post=1003"}],"curies":[{"name":"wp","href":"https:\/\/api.w.org\/{rel}","templated":true}]}}