{"id":1063,"date":"2022-07-29T17:57:46","date_gmt":"2022-07-29T15:57:46","guid":{"rendered":"https:\/\/rc-awr.at\/?p=1063"},"modified":"2022-07-29T17:57:46","modified_gmt":"2022-07-29T15:57:46","slug":"altstadtkriterium-graz-2022","status":"publish","type":"post","link":"https:\/\/website.rc-awr.at\/?p=1063","title":{"rendered":"Altstadtkriterium Graz 2022"},"content":{"rendered":"<p><strong>Richard Rettegi als Sportlicher Leiter unseres Vereines organisierte ein Team mit zwei AWR-Mitgliedern f\u00fcr den Topevent in Graz!<\/strong><br \/>\nHier sein Bericht:<\/p>\n<p>Als ich geh\u00f6rt habe, dass es nach 15 Jahren das Altstadtkriterium im Graz wieder geben sollte, habe ich mich informiert und herausgefunden, da\u00df es diesmal einen Teambewerb gibt.<\/p>\n<p>Das Team besteht aus einem U13-, einem U15-, einem U17 Fahrer und einer Damen Elite Fahrerin.<br \/>\nDa ich ja schon die H\u00e4lfte vom Team permanent unter Kontrolle habe und beim RLM auch kein Unbekannter bin, hatte ich relativ schnell einen U14-Fahrer an der Hand. Das einzige Problem war der U17 Teilnehmer.. Die Jungs sind gerade bei den Jugendspielen, einer Rundfahrt oder bei MTB Rennen. Das hatte sich dann aber doch noch ergeben und ich konnte das Team nennen und allen Vieren dieses Top Erlebnis zukommen lassen.<\/p>\n<p>Da wir ja Starter waren, durften wir wie die Profis im Fahrerlager parken und hatten Zugang zu den anderen M\u00e4dels, Jungs und Profis. Das war f\u00fcr alle ein echt tolles Erlebnis, Marco Haller, Geraint Thomas, Hermann Pernsteiner oder unseren Europameister Maximilian Schmidbauer hautnah erleben zu d\u00fcrfen.<\/p>\n<p>Um den Zuschauern ein spannendes Rennen zu erm\u00f6glichen gab es um 16 Uhr eine Team- und Fahrerbesprechung mit harten Sanktionen, falls sich ein Fahrer nicht an die Regeln h\u00e4lt.<br \/>\nEs galt folgenderma\u00dfen: Die U13 fahren 5 Runden, die letzten 2 auf echt. Dahinter startet mit die U15 und darf den letzten U13 nicht \u00fcberholen. Wenn die im Ziel sind, geht es dort 2 Runden auf echt. Dahinter die U17 und die Damen. Nur mit dem Unterscheid, da\u00df die Damen nicht 2 sondern 5 Runden hatten. Das klingt zwar nicht sehr viel aber der Kurs ist recht anstrengend und hat einen Anstieg mit Kopfsteinpflaster.<\/p>\n<p>Zum Start des Rennens waren schon sehr viele Zuschauer vor Ort und die Stimmung richtig gut. F\u00fcr uns startete <strong>Semih Schrenk<\/strong> als erster. F\u00fcr ihn etwas ganz Neues, vor so vielen Zuschauern zu fahren die frenetisch anfeuerten rund um den Kurs. Da sind bei ihm auch etwas die Nerven blank gelegen. Danach <strong>Mario Rettegi<\/strong> auch mit einer soliden Leistung. Als letzter Bursch <strong>Julius Fabbri<\/strong>, der uns richtig aufhorchen lie\u00df. Bis knapp vor dem Ziel ganz vorne zu finden finishte er als 2. Eine echt super Leistung!<br \/>\nAls letztes dann die Damen, die sich auch nochmal richtig ins Zeug legten und Rundenzeiten hinlegten die seines gleichen suchten. Hier konnte <strong>Cecilia Kraut<\/strong> f\u00fcr uns richtig Werbung machen und der Sprecher erkl\u00e4rte den Zuschauern, dass sie als Ex Masterfahrerin und mehrfache Meisterin des Arb\u00f6 Wien Energie R\u00f6hsler &amp; Co besonderes Augenmerk verdient. Bis zur H\u00e4lfte des Rennens konnte sie auch an der Spitze daran bleiben, dann sind die Profis von Cookina aber weg gezogen und haben das Rennen diktiert und gewonnen.<\/p>\n<p><strong>Unser Team wurde<\/strong> &#8211; wieder nur knapp am Podest vorbei &#8211; <strong>auf dem vierten Platz abgewunken<\/strong>.<\/p>\n<p>Aber mal sehen ob es dieses Rennen n\u00e4chstes Jahr f\u00fcr eine eventuelle Revanche wieder gibt. Eine tolle Erfahrung war es allemal.<\/p>\n<p>Danach der Bewerb der Profis, wo wirklich Menschenmassen vor Ort waren, ganz wie in alten Zeiten. Am Anstieg gab es kein Durchkommen f\u00fcr Zuschauer mehr, dicht gedr\u00e4ngt war das Spalier. Bei Start und Ziel standen die Leute in 5er bis 6 er Reihen, die Zuschauer donnerten auf die Werbebanner. Eine Stimmung die seines Gleichen suchte. Einfach ein G\u00e4nsehautmoment!<\/p>\n<p><img decoding=\"async\" loading=\"lazy\" class=\"alignnone size-medium wp-image-1066\" src=\"https:\/\/rc-awr.at\/wp-content\/uploads\/2022\/07\/Plan_Krit_G-300x130.png\" alt=\"\" width=\"300\" height=\"130\" srcset=\"https:\/\/website.rc-awr.at\/wp-content\/uploads\/2022\/07\/Plan_Krit_G-300x130.png 300w, https:\/\/website.rc-awr.at\/wp-content\/uploads\/2022\/07\/Plan_Krit_G-1024x444.png 1024w, https:\/\/website.rc-awr.at\/wp-content\/uploads\/2022\/07\/Plan_Krit_G-768x333.png 768w, https:\/\/website.rc-awr.at\/wp-content\/uploads\/2022\/07\/Plan_Krit_G.png 1217w\" sizes=\"(max-width: 300px) 100vw, 300px\" \/><\/p>\n<p><a href=\"https:\/\/www.altstadtkriterium-graz.at\/\">https:\/\/www.altstadtkriterium-graz.at\/<\/a><\/p>\n<p>&nbsp;<\/p>\n<p><strong>Garaint Thomas: &#8222;Atmosph\u00e4re besser als bei der Tour de France&#8220;<\/strong><\/p>\n<p>&#8222;Es war ein hartes Rennen, aber die Fans waren unglaublich&#8220;, sagte Thomas. &#8222;Die Atmosph\u00e4re war besser als bei der Tour, es war, wie die Champs-\u00c9lys\u00e9es entlangzufahren. Ich komme in kommendem Jahr ganz sicher wieder.&#8220; Nach zwei Jahren Corona sind die Fans wieder zur\u00fcck an den Rennstrecken, ganz zur Freude des Walisers: &#8222;Es ist ein bissche<\/p>\n<p>n komisch, wieder die ganzen Menschen um sich zu haben, aber es f\u00fchlt sich richtig gut an. Viele waren ein bisschen paranoid wegen Covid.&#8220;<\/p>\n<div id='gallery-1' class='gallery galleryid-1063 gallery-columns-3 gallery-size-thumbnail'><figure class='gallery-item'>\n\t\t\t<div class='gallery-icon landscape'>\n\t\t\t\t<a href='https:\/\/website.rc-awr.at\/?attachment_id=1060'><img width=\"150\" height=\"150\" src=\"https:\/\/website.rc-awr.at\/wp-content\/uploads\/2022\/07\/Krit_G_05-150x150.jpg\" class=\"attachment-thumbnail size-thumbnail\" alt=\"\" decoding=\"async\" loading=\"lazy\" \/><\/a>\n\t\t\t<\/div><\/figure><figure class='gallery-item'>\n\t\t\t<div class='gallery-icon landscape'>\n\t\t\t\t<a href='https:\/\/website.rc-awr.at\/?attachment_id=1057'><img width=\"150\" height=\"150\" src=\"https:\/\/website.rc-awr.at\/wp-content\/uploads\/2022\/07\/Krit_G_02-150x150.jpg\" class=\"attachment-thumbnail size-thumbnail\" alt=\"\" decoding=\"async\" loading=\"lazy\" \/><\/a>\n\t\t\t<\/div><\/figure><figure class='gallery-item'>\n\t\t\t<div class='gallery-icon landscape'>\n\t\t\t\t<a href='https:\/\/website.rc-awr.at\/?attachment_id=1062'><img width=\"150\" height=\"150\" src=\"https:\/\/website.rc-awr.at\/wp-content\/uploads\/2022\/07\/Krit_G_07-150x150.jpg\" class=\"attachment-thumbnail size-thumbnail\" alt=\"\" decoding=\"async\" loading=\"lazy\" \/><\/a>\n\t\t\t<\/div><\/figure><figure class='gallery-item'>\n\t\t\t<div class='gallery-icon landscape'>\n\t\t\t\t<a href='https:\/\/website.rc-awr.at\/?attachment_id=1059'><img width=\"150\" height=\"150\" src=\"https:\/\/website.rc-awr.at\/wp-content\/uploads\/2022\/07\/Krit_G_04-150x150.jpg\" class=\"attachment-thumbnail size-thumbnail\" alt=\"\" decoding=\"async\" loading=\"lazy\" \/><\/a>\n\t\t\t<\/div><\/figure><figure class='gallery-item'>\n\t\t\t<div class='gallery-icon portrait'>\n\t\t\t\t<a href='https:\/\/website.rc-awr.at\/?attachment_id=1061'><img width=\"150\" height=\"150\" src=\"https:\/\/website.rc-awr.at\/wp-content\/uploads\/2022\/07\/Krit_G_06-150x150.jpg\" class=\"attachment-thumbnail size-thumbnail\" alt=\"\" decoding=\"async\" loading=\"lazy\" \/><\/a>\n\t\t\t<\/div><\/figure><figure class='gallery-item'>\n\t\t\t<div class='gallery-icon landscape'>\n\t\t\t\t<a href='https:\/\/website.rc-awr.at\/?attachment_id=1056'><img width=\"150\" height=\"150\" src=\"https:\/\/website.rc-awr.at\/wp-content\/uploads\/2022\/07\/Krit_G_01-150x150.jpg\" class=\"attachment-thumbnail size-thumbnail\" alt=\"\" decoding=\"async\" loading=\"lazy\" \/><\/a>\n\t\t\t<\/div><\/figure>\n\t\t<\/div>\n\n<p>Mehr von Richards Bildern von Team und Event gibt es <a href=\"https:\/\/photos.app.goo.gl\/iaCU488pDdRyXN558\">&gt;&gt;hier&lt;&lt;<\/a>!<\/p>\n<p>Bericht: Rettegi<\/p>\n","protected":false},"excerpt":{"rendered":"<p>Richard Rettegi als Sportlicher Leiter unseres Vereines organisierte ein Team mit zwei AWR-Mitgliedern f&uuml;r den Topevent in Graz! Hier sein Bericht: Als ich geh&ouml;rt habe, dass es nach 15 Jahren<\/p>\n","protected":false},"author":2,"featured_media":1058,"comment_status":"open","ping_status":"open","sticky":false,"template":"","format":"standard","meta":[],"categories":[1],"tags":[],"_links":{"self":[{"href":"https:\/\/website.rc-awr.at\/index.php?rest_route=\/wp\/v2\/posts\/1063"}],"collection":[{"href":"https:\/\/website.rc-awr.at\/index.php?rest_route=\/wp\/v2\/posts"}],"about":[{"href":"https:\/\/website.rc-awr.at\/index.php?rest_route=\/wp\/v2\/types\/post"}],"author":[{"embeddable":true,"href":"https:\/\/website.rc-awr.at\/index.php?rest_route=\/wp\/v2\/users\/2"}],"replies":[{"embeddable":true,"href":"https:\/\/website.rc-awr.at\/index.php?rest_route=%2Fwp%2Fv2%2Fcomments&post=1063"}],"version-history":[{"count":8,"href":"https:\/\/website.rc-awr.at\/index.php?rest_route=\/wp\/v2\/posts\/1063\/revisions"}],"predecessor-version":[{"id":1072,"href":"https:\/\/website.rc-awr.at\/index.php?rest_route=\/wp\/v2\/posts\/1063\/revisions\/1072"}],"wp:featuredmedia":[{"embeddable":true,"href":"https:\/\/website.rc-awr.at\/index.php?rest_route=\/wp\/v2\/media\/1058"}],"wp:attachment":[{"href":"https:\/\/website.rc-awr.at\/index.php?rest_route=%2Fwp%2Fv2%2Fmedia&parent=1063"}],"wp:term":[{"taxonomy":"category","embeddable":true,"href":"https:\/\/website.rc-awr.at\/index.php?rest_route=%2Fwp%2Fv2%2Fcategories&post=1063"},{"taxonomy":"post_tag","embeddable":true,"href":"https:\/\/website.rc-awr.at\/index.php?rest_route=%2Fwp%2Fv2%2Ftags&post=1063"}],"curies":[{"name":"wp","href":"https:\/\/api.w.org\/{rel}","templated":true}]}}