{"id":117,"date":"2020-11-05T12:14:20","date_gmt":"2020-11-05T11:14:20","guid":{"rendered":"http:\/\/e108046.easyhosting.at\/?p=117"},"modified":"2020-11-05T12:14:20","modified_gmt":"2020-11-05T11:14:20","slug":"awr-herbstausfahrt-10-10-2020","status":"publish","type":"post","link":"https:\/\/website.rc-awr.at\/?p=117","title":{"rendered":"AWR-Herbstausfahrt 10.10.2020"},"content":{"rendered":"<p><strong>17 TeilnehmerInnen versammelten sich in Stetten nahe Korneuburg, um dieses besondere Radsportjahr mit einer gemeinsamen Ausfahrt zu beschlie\u00dfen.<\/strong><\/p>\n<p>Die \u00f6rtliche Weinpresse bot sich gut f\u00fcr die Begr\u00fc\u00dfung unserer neuen Mitglieder an, die unseren Frauenanteil im Klub um 100% rauf katapultieren. Diese erfreuliche Entwicklung wurde gleich mal fotografisch festgehalten.<\/p>\n<p>Manfred und meine Wenigkeit sorgten f\u00fcr ein Tempo, welches bis vorne h\u00f6rbare, angeregte Unterhaltungen in unserem Windschatten erm\u00f6glichte. Die Route f\u00fchrte uns zun\u00e4chst flach Richtung \u00f6stliches Weinviertel. In Auersthal schwenkte der Kurs nach Norden und zwischen Hochleithen- und Matzner Wald bauten sich in weiterer Folge die typischen Weinviertler H\u00fcgel auf. Hier fand unser leidenschaftlicher Fotograf Peter Gr\u00fcnzweig besonders lohnende Motive \u2013 z.B. den zwischen den Weinbergen im Sonnenlicht vorbei rauschenden AWR-Zug \u2013 Einfach G _ _L!<br \/>\nBis Mistelbach und weiter nach Oberkreuzstetten sollte sich an dem st\u00e4ndigen Auf und Ab nicht viel \u00e4ndern. Erst im etwas l\u00e4ngeren Anstieg Richtung Gro\u00dfru\u00dfbach schien es in den mehr oder weniger bergtrainierten Waden zu jucken, was eine moderate Tempoerh\u00f6hung nach sich zog. Wieder geschlossen ging\u00b4s weiter ins Kreuttal wo uns, wie vereinbart KoKa erwartete. Er verbrachte seinen Vormittag lieber bei einem ausgiebigen Brunch mit einem unserer Sponsoren \ud83d\ude09<br \/>\nMit seinen frischen Kr\u00e4ften spannte er sich gleich vorne am Wind ein und gemeinsam mit unserem Obmann sorgten sie f\u00fcr eine Tempoversch\u00e4rfung.<\/p>\n<div style=\"width: 640px;\" class=\"wp-video\"><!--[if lt IE 9]><script>document.createElement('video');<\/script><![endif]-->\n<video class=\"wp-video-shortcode\" id=\"video-117-1\" width=\"640\" height=\"362\" preload=\"metadata\" controls=\"controls\"><source type=\"video\/mp4\" src=\"http:\/\/rc-awr.at\/wp-content\/uploads\/2020\/11\/WhatsApp-Video-2020-10-10-at-16.44.35.mp4?_=1\" \/><a href=\"http:\/\/rc-awr.at\/wp-content\/uploads\/2020\/11\/WhatsApp-Video-2020-10-10-at-16.44.35.mp4\">http:\/\/rc-awr.at\/wp-content\/uploads\/2020\/11\/WhatsApp-Video-2020-10-10-at-16.44.35.mp4<\/a><\/video><\/div>\n<p>Wie ich nachtr\u00e4glich in Gespr\u00e4chen vernehmen konnte, schnellten die Pulswerte selbst in den hinteren Reihen in Bereiche \u00fcber dem Grundlagentempo. Noch blieb der Pulk geschlossen. Erst am letzten Anstieg, dem sog. Schleinbacher, neben dem \u201ePf\u00f6singer\u201c einer der Scharfrichter im Weinviertel nahe Wiens, begann ein gnadenloses Ausscheidungsrennen.<br \/>\nAls ich sp\u00e4ter entspannt oben eintraf, blickte ich durchwegs in verschwitzte, gl\u00fcckliche Gesichter. \u201eDurchputzen\u201c hei\u00dft das im Fachjargon. Es musste einfach sein!<br \/>\nLeider zerriss das Feld bei der Abfahrt nach Seebarn. Die Vorfreude auf das nahe Tourende (oder vielleicht der Hunger?) lie\u00df Kleingruppen entstehen, die zeitversetzt im Zielort eintrafen. Daran m\u00fcssen wir noch arbeiten: Ruhe bewahren auf den letzten Kilometern und gemeinsam einrollen.<\/p>\n<p><a href=\"http:\/\/rc-awr.at\/wp-content\/uploads\/2020\/11\/33ad99244d-1.jpg\"><img decoding=\"async\" loading=\"lazy\" class=\"alignnone wp-image-138 size-thumbnail\" src=\"http:\/\/rc-awr.at\/wp-content\/uploads\/2020\/11\/33ad99244d-1-150x150.jpg\" alt=\"\" width=\"150\" height=\"150\" \/> <\/a><a href=\"http:\/\/rc-awr.at\/wp-content\/uploads\/2020\/11\/65a7e47459.jpg\"><img decoding=\"async\" loading=\"lazy\" class=\"alignnone size-thumbnail wp-image-143\" src=\"http:\/\/rc-awr.at\/wp-content\/uploads\/2020\/11\/65a7e47459-150x150.jpg\" alt=\"\" width=\"150\" height=\"150\" \/><\/a><a href=\"http:\/\/rc-awr.at\/wp-content\/uploads\/2020\/11\/377deb81a6.jpg\"><img decoding=\"async\" loading=\"lazy\" class=\"alignnone size-thumbnail wp-image-144\" src=\"http:\/\/rc-awr.at\/wp-content\/uploads\/2020\/11\/377deb81a6-150x150.jpg\" alt=\"\" width=\"150\" height=\"150\" \/><\/a><\/p>\n<p>Bei unserer n\u00e4chsten Klubausfahrt kriegen wir wieder eine Chance, dieses Ziel zu schaffen. Das milde Wetter erlaubte uns, beim Heurigen im Freien zusammen zu sitzen und dabei konnten wir uns nicht nur mit k\u00f6stlichen Speisen und Getr\u00e4nken st\u00e4rken, sondern ebenso unsere Radsportgemeinschaft im AWR. Danke an alle Teilnehmer- und innen f\u00fcr diesen gro\u00dfartigen Tag.<\/p>\n<p>Danke an Peter Gr\u00fcnzweig f\u00fcr das erstellte Video, welches via Whatsapp seinen Weg zu den Mitgliedern fand, ebenso herzlichen Dank an Peter Kmetyko f\u00fcr den Bericht!<\/p>\n<p>&nbsp;<\/p>\n","protected":false},"excerpt":{"rendered":"<p>17 TeilnehmerInnen versammelten sich in Stetten nahe Korneuburg, um dieses besondere Radsportjahr mit einer gemeinsamen Ausfahrt zu beschlie&szlig;en. Die &ouml;rtliche Weinpresse bot sich gut f&uuml;r die Begr&uuml;&szlig;ung unserer neuen Mitglieder<\/p>\n","protected":false},"author":1,"featured_media":136,"comment_status":"open","ping_status":"open","sticky":false,"template":"","format":"standard","meta":[],"categories":[1],"tags":[],"_links":{"self":[{"href":"https:\/\/website.rc-awr.at\/index.php?rest_route=\/wp\/v2\/posts\/117"}],"collection":[{"href":"https:\/\/website.rc-awr.at\/index.php?rest_route=\/wp\/v2\/posts"}],"about":[{"href":"https:\/\/website.rc-awr.at\/index.php?rest_route=\/wp\/v2\/types\/post"}],"author":[{"embeddable":true,"href":"https:\/\/website.rc-awr.at\/index.php?rest_route=\/wp\/v2\/users\/1"}],"replies":[{"embeddable":true,"href":"https:\/\/website.rc-awr.at\/index.php?rest_route=%2Fwp%2Fv2%2Fcomments&post=117"}],"version-history":[{"count":0,"href":"https:\/\/website.rc-awr.at\/index.php?rest_route=\/wp\/v2\/posts\/117\/revisions"}],"wp:featuredmedia":[{"embeddable":true,"href":"https:\/\/website.rc-awr.at\/index.php?rest_route=\/wp\/v2\/media\/136"}],"wp:attachment":[{"href":"https:\/\/website.rc-awr.at\/index.php?rest_route=%2Fwp%2Fv2%2Fmedia&parent=117"}],"wp:term":[{"taxonomy":"category","embeddable":true,"href":"https:\/\/website.rc-awr.at\/index.php?rest_route=%2Fwp%2Fv2%2Fcategories&post=117"},{"taxonomy":"post_tag","embeddable":true,"href":"https:\/\/website.rc-awr.at\/index.php?rest_route=%2Fwp%2Fv2%2Ftags&post=117"}],"curies":[{"name":"wp","href":"https:\/\/api.w.org\/{rel}","templated":true}]}}