{"id":291,"date":"2020-12-21T13:19:17","date_gmt":"2020-12-21T12:19:17","guid":{"rendered":"http:\/\/rc-awr.at\/?p=291"},"modified":"2020-12-21T13:21:32","modified_gmt":"2020-12-21T12:21:32","slug":"der-awr-in-der-e-liga-des-oerv","status":"publish","type":"post","link":"https:\/\/website.rc-awr.at\/?p=291","title":{"rendered":"Der AWR in der e-Liga des \u00d6RV"},"content":{"rendered":"<p><strong>Die e-Liga des \u00d6RV geht in die dritte Runde und dieses mal sind gleich vier Starter vom Arb\u00f6 Wienenergie R\u00f6hsler&amp;Co am Start. Die Rennserie w\u00e4chst und wird coronabedingt zur einzigen Alternative bereffend Rennen f\u00fcr diesen Winter.\u00a0<\/strong><\/p>\n<p>Bericht von Hermann Grabmayer:<\/p>\n<p>Cecilia Kraut startet in der Damenwertung, Mario Reteggi beim Nachwuchs und Nikolaus Szava und ich bei den Herren. Alle drei Rennen sind wie immer mit zahlreichen ElitefahrerInnen top besetzt. Der Kurs f\u00fchrt durch &#8222;Paris&#8220;mit eher flachen 56km und 264hm, soll aber nicht hei\u00dfen, dass es einfacher wird.<\/p>\n<p>Mario darf als erster starten und kann zu Beginn gut mit den \u00e4lteren Fahrern mithalten. Wie schon beim letzten Mal ist er per Webcam dabei und wird Live eingeblendet und vom Moderator Matthias Krizek lobend erw\u00e4hnt. Gegen Ende des Rennens kann er leider mit den starken U17 Fahrern nicht mehr mithalten und kommt mit der zweiten Gruppe als starker 9. ins Ziel.<\/p>\n<p><a href=\"http:\/\/rc-awr.at\/wp-content\/uploads\/2020\/12\/Screenshot-2020-12-21-121753.png\"><img decoding=\"async\" loading=\"lazy\" class=\"alignnone wp-image-295 size-medium\" src=\"http:\/\/rc-awr.at\/wp-content\/uploads\/2020\/12\/Screenshot-2020-12-21-121753-300x133.png\" alt=\"\" width=\"300\" height=\"133\" srcset=\"https:\/\/website.rc-awr.at\/wp-content\/uploads\/2020\/12\/Screenshot-2020-12-21-121753-300x133.png 300w, https:\/\/website.rc-awr.at\/wp-content\/uploads\/2020\/12\/Screenshot-2020-12-21-121753-1024x453.png 1024w, https:\/\/website.rc-awr.at\/wp-content\/uploads\/2020\/12\/Screenshot-2020-12-21-121753-768x340.png 768w, https:\/\/website.rc-awr.at\/wp-content\/uploads\/2020\/12\/Screenshot-2020-12-21-121753.png 1132w\" sizes=\"(max-width: 300px) 100vw, 300px\" \/><\/a><\/p>\n<p>Cecilia (Cili) f\u00e4hrt ihr erstes Rennen in dieser Serie und kann von Beginn an gleich gro\u00df aufzeigen. Sie f\u00e4hrt in der ersten Gruppe um den Sieg mit. Im Schlusssprint wird sie f\u00fcnfte nur eine Sekunde hinter der Seriensiegerin Katharina Machner. Leider hat sie keine Lizenz und kommt somit nicht in die Wertung.<\/p>\n<p>Nikolaus und ich fahren im gemischten Feld der Elite\/Amateure und Master Fahrer mit. Durch die Teilnahme etlicher Elitefahrer ist die Startphase immer sehr heftig. Wir beide fahren die ersten zwei von acht Runden in der ersten Gruppe von ca. 50 Fahrern mit. Nachdem das Tempo in der dritten Runde stark angezogen wird landen wir beiden in der zweiten Gruppe und fahren mit einer gut funktionierenden Gruppe um Platz 35-45 bis ins Ziel. Im Ziel hat Niki die besseren Beine und kann sein erstes e-Liga Rennen auf Platz 37 beenden. Ich lande auf Platz 41. Nach einer Fahrzeit von 1:18:25 stehen immerhin noch 330W bei Niki und 315W Schnitt auf der Anzeige. Leider hat Niki sich noch nicht mit Zwiftpower verbunden und kommt somit auch nicht in die Ergebnisliste. Bei mir hei\u00dft das in der korregierten Wertung der Amateure\/Master den 13.Platz und den vorl\u00e4ufig 10.Platz in der Gesamtwertung.<\/p>\n<p>Das n\u00e4chste Rennen findet nach einer Weihnachtspause am 16.01.2021 statt.<\/p>\n<p>Hier der Link zum Livestream in der Wiederholung &#8230;<\/p>\n<p><iframe loading=\"lazy\" title=\"LIVE |  e-liga | eCycling League Austria | Race 3\" width=\"640\" height=\"360\" src=\"https:\/\/www.youtube.com\/embed\/xC1Z4nRXOvs?feature=oembed\" frameborder=\"0\" allow=\"accelerometer; autoplay; clipboard-write; encrypted-media; gyroscope; picture-in-picture\" allowfullscreen><\/iframe><\/p>\n<p>Vielen Dank an Hermann f\u00fcr diesen Bericht<\/p>\n","protected":false},"excerpt":{"rendered":"<p>Die e-Liga des &Ouml;RV geht in die dritte Runde und dieses mal sind gleich vier Starter vom Arb&ouml; Wienenergie R&ouml;hsler&amp;Co am Start. Die Rennserie w&auml;chst und wird coronabedingt zur einzigen<\/p>\n","protected":false},"author":1,"featured_media":294,"comment_status":"open","ping_status":"open","sticky":false,"template":"","format":"standard","meta":[],"categories":[1],"tags":[],"_links":{"self":[{"href":"https:\/\/website.rc-awr.at\/index.php?rest_route=\/wp\/v2\/posts\/291"}],"collection":[{"href":"https:\/\/website.rc-awr.at\/index.php?rest_route=\/wp\/v2\/posts"}],"about":[{"href":"https:\/\/website.rc-awr.at\/index.php?rest_route=\/wp\/v2\/types\/post"}],"author":[{"embeddable":true,"href":"https:\/\/website.rc-awr.at\/index.php?rest_route=\/wp\/v2\/users\/1"}],"replies":[{"embeddable":true,"href":"https:\/\/website.rc-awr.at\/index.php?rest_route=%2Fwp%2Fv2%2Fcomments&post=291"}],"version-history":[{"count":5,"href":"https:\/\/website.rc-awr.at\/index.php?rest_route=\/wp\/v2\/posts\/291\/revisions"}],"predecessor-version":[{"id":298,"href":"https:\/\/website.rc-awr.at\/index.php?rest_route=\/wp\/v2\/posts\/291\/revisions\/298"}],"wp:featuredmedia":[{"embeddable":true,"href":"https:\/\/website.rc-awr.at\/index.php?rest_route=\/wp\/v2\/media\/294"}],"wp:attachment":[{"href":"https:\/\/website.rc-awr.at\/index.php?rest_route=%2Fwp%2Fv2%2Fmedia&parent=291"}],"wp:term":[{"taxonomy":"category","embeddable":true,"href":"https:\/\/website.rc-awr.at\/index.php?rest_route=%2Fwp%2Fv2%2Fcategories&post=291"},{"taxonomy":"post_tag","embeddable":true,"href":"https:\/\/website.rc-awr.at\/index.php?rest_route=%2Fwp%2Fv2%2Ftags&post=291"}],"curies":[{"name":"wp","href":"https:\/\/api.w.org\/{rel}","templated":true}]}}