{"id":342,"date":"2021-03-16T12:07:42","date_gmt":"2021-03-16T11:07:42","guid":{"rendered":"http:\/\/rc-awr.at\/?p=342"},"modified":"2021-03-16T12:59:20","modified_gmt":"2021-03-16T11:59:20","slug":"eliga-rueckblick-und-gesamtsieg-bei-den-frauen-master1","status":"publish","type":"post","link":"https:\/\/website.rc-awr.at\/?p=342","title":{"rendered":"Eliga R\u00fcckblick und Gesamtsieg bei den Frauen &#8222;Master1&#8220;"},"content":{"rendered":"<p>Die erste Saison der E-Liga Austria ist vorbei. Was ist dabei herausgekommen f\u00fcr den AWR?<\/p>\n<p>Das letzte Rennen, sprich Nummer 9 fand in Innsbruck statt. Die Youngsters durften 2 Runden fahren und die etwas \u00e4lteren Semester ab Junioren aufw\u00e4rts 5 Runden.<\/p>\n<p>Tja, die Youngsters als erstes auf den Kurs. Mario von uns wieder dabei. Diesmal richtig gut dabei und bis zum Anstieg mit den U17 Jungs und M\u00e4dels ganz vorne vertreten. Dort klarerweise als erstj\u00e4hriger U15 keine Chance, fand aber einen Partner mit dem er nach Hause fahren konnte und im Sprint stehen lassen konnte. Als 5. U15 gesamt, aber 2. \u00d6sterreicher wieder ein gutes Ergebnis. Die Deutschen haben einfach das Format richtig genutzt, da es in Deutschland nichts vergleichbares gegeben hat.<\/p>\n<p>Als n\u00e4chstes starteten die Herren. \u00a0Vorweg, leider hatte Peter Goluszka Internetprobleme und musste das Rennen aufgeben. Hermann und ich konnten vom Start weg in der Spitzengruppe bleiben. Mich hatte das richtig gewundert. Leider wurde es kurz vor dem Anstieg richtig schnell und ich konnte am Berg nicht richtig zusetzen selbst mit 7 Watt pro Kilo war es nicht m\u00f6glich bei der Partie dabei zu bleiben. Hermann hatte da etwas mehr Gl\u00fcck und konnte sich weiter vorne positionieren. Hatte aber bergab Probleme das Feld zu halten. Damit wurden die Positionen ziemlich bezogen und die 5 Runden wurden zu Ende gefahren. Ich konnte im Sprint aus meiner Gruppe noch ein halbwegs vers\u00f6hnliches Ergebnis herausholen. Man darf nach der gro\u00dfen Verletzung die noch immer nicht ausgeheilt ist, nicht unzufrieden sein. Wenigstens parke ich nicht und kann halbwegs fahren. Hermann wurde gesamt 33. und ich 36.<\/p>\n<p>Die letzten an der Reihe waren die Damen. F\u00fcr uns die Favoritin f\u00fcr den Gesamtsieg Cili Kraut am Start. Wie bei den Herren wieder ein recht z\u00fcgiges Rennen. Die Anstiege am Limit zu fahren. Nach der ersten Runde nur noch 6 Damen an der Spitze. Die Runde 2 langsam ein Problem f\u00fcr Cili. Tja da macht sich ein Trainingslager bei den Konkurrenten bemerkbar auf Mallorca. In Runde 3 dann leider am Berg nichts mehr zu machen und verliert den Anschluss zu Spitze. Kommt aber als 5.gesamt und Siegerin Master ins Ziel \u00fcber 2 min vor den n\u00e4chsten in Ihrer Wertung.<\/p>\n<p><iframe loading=\"lazy\" title=\"e-liga I eCycling League Austria: Highlights Rennen 9 - Das Finale\" width=\"640\" height=\"360\" src=\"https:\/\/www.youtube.com\/embed\/DhIz_lPpQtQ?feature=oembed\" frameborder=\"0\" allow=\"accelerometer; autoplay; clipboard-write; encrypted-media; gyroscope; picture-in-picture\" allowfullscreen><\/iframe><\/p>\n<p><u>Nun zur Gesamtwertung. Hier werden 7 der 9 Rennen gewertet. Also 2 Streichresultate.<\/u><\/p>\n<p>Beim Nachwuchs \u00a0schaffte es Mario ganz knapp nicht in die Top 10 als 11.\u00a0 Jedoch wurde er 2. \u00d6sterreicher U15. Wenn man bedenkt, da\u00df hier U17 und U15 gemeinsam gewertet werden ein richtig gutes Ergebnis.<\/p>\n<p>Bei den Herren wurden Master und Amateure gemeinsam gewertet und hier schaffte Hermann das beste Ergebnis. Er wurde 16. mit 464 Punkten, noch knapp vor einem Swoboda, der mal die 2. schnellste Zeit weltweit bei einem Triathlon gefahren ist.<\/p>\n<p>Ich konnte noch einen Platz gut machen und wurde 22.<\/p>\n<p>Nikolaus 49. leider nicht alle Rennen gefahren. Hier w\u00e4re ein Top 10 Platz echt zum Zutrauen.<\/p>\n<p>Goluszka Peter nach seiner Verletzung noch 56.<\/p>\n<p>Lackner Wolfgang in der Bike Card Wertung 47.<\/p>\n<p>Als letztes kommen wir zu den Damen. Tja und was soll man da sagen. Eine strukturierte Vorbereitung \u00fcber ein halbes Jahr hat Fr\u00fcchte getragen. Auch wenn es gegen Ende echt hart wurde, weil die Rennen immer mehr H\u00f6henmeter hatten, konnte sie mit dem Sieg im letzten Rennen an den anderen M\u00e4dels vorbei ziehen und sich den Gesamtsieg \u00a0sichern.<\/p>\n<p>Ich gratuliere allen, die sich dieser Herausforderung gestellt haben. Wie wir im offenen Rennen 8 gesehen haben, ist das nicht zu untersch\u00e4tzen, was hier geleistet wurde. Wer mag, kann noch in den vollst\u00e4ndigen <a href=\"https:\/\/www.e-cycling-austria.at\/e-liga\/ergebnisse\/\" target=\"_blank\" rel=\"noopener\">Ergebnislisten<\/a> bzw. in <a href=\"https:\/\/www.e-cycling-austria.at\/e-liga\/ligastand\/\" target=\"_blank\" rel=\"noopener\">Gesamtklassement<\/a> schnuppern.<\/p>\n","protected":false},"excerpt":{"rendered":"<p>Die erste Saison der E-Liga Austria ist vorbei. Was ist dabei herausgekommen f&uuml;r den AWR? Das letzte Rennen, sprich Nummer 9 fand in Innsbruck statt. Die Youngsters durften 2 Runden<\/p>\n","protected":false},"author":1,"featured_media":347,"comment_status":"open","ping_status":"open","sticky":false,"template":"","format":"standard","meta":[],"categories":[1],"tags":[],"_links":{"self":[{"href":"https:\/\/website.rc-awr.at\/index.php?rest_route=\/wp\/v2\/posts\/342"}],"collection":[{"href":"https:\/\/website.rc-awr.at\/index.php?rest_route=\/wp\/v2\/posts"}],"about":[{"href":"https:\/\/website.rc-awr.at\/index.php?rest_route=\/wp\/v2\/types\/post"}],"author":[{"embeddable":true,"href":"https:\/\/website.rc-awr.at\/index.php?rest_route=\/wp\/v2\/users\/1"}],"replies":[{"embeddable":true,"href":"https:\/\/website.rc-awr.at\/index.php?rest_route=%2Fwp%2Fv2%2Fcomments&post=342"}],"version-history":[{"count":6,"href":"https:\/\/website.rc-awr.at\/index.php?rest_route=\/wp\/v2\/posts\/342\/revisions"}],"predecessor-version":[{"id":349,"href":"https:\/\/website.rc-awr.at\/index.php?rest_route=\/wp\/v2\/posts\/342\/revisions\/349"}],"wp:featuredmedia":[{"embeddable":true,"href":"https:\/\/website.rc-awr.at\/index.php?rest_route=\/wp\/v2\/media\/347"}],"wp:attachment":[{"href":"https:\/\/website.rc-awr.at\/index.php?rest_route=%2Fwp%2Fv2%2Fmedia&parent=342"}],"wp:term":[{"taxonomy":"category","embeddable":true,"href":"https:\/\/website.rc-awr.at\/index.php?rest_route=%2Fwp%2Fv2%2Fcategories&post=342"},{"taxonomy":"post_tag","embeddable":true,"href":"https:\/\/website.rc-awr.at\/index.php?rest_route=%2Fwp%2Fv2%2Ftags&post=342"}],"curies":[{"name":"wp","href":"https:\/\/api.w.org\/{rel}","templated":true}]}}