{"id":352,"date":"2021-05-06T22:12:16","date_gmt":"2021-05-06T20:12:16","guid":{"rendered":"http:\/\/rc-awr.at\/?p=352"},"modified":"2021-05-06T22:12:16","modified_gmt":"2021-05-06T20:12:16","slug":"3-alois-kainer-gedenkrennen-grosshartmannsdorf-zugleich-oem-lm-amateure-und-nachwuchs","status":"publish","type":"post","link":"https:\/\/website.rc-awr.at\/?p=352","title":{"rendered":"3. Alois Kainer Gedenkrennen Gro\u00dfhartmannsdorf, zugleich \u00d6M, LM Amateure und Nachwuchs"},"content":{"rendered":"<p>Nachdem leider fast einem Jahr sehr wenig auf der sportlichen Seite los ist in \u00d6sterreich, war es wieder ein Wohltat, ein Rennen bestreiten zu d\u00fcrfen. Mit strengen Covid Auflagen mit Maske, Test, Band usw. durften sich 200 Starter in Gro\u00dfhartmannsdorf vergleichen und die Zeitfahrr\u00e4der gl\u00fchen lassen.<\/p>\n<p>Am Anfang standen die j\u00fcngsten am Start mit U13. Mario mittlerweile U15 konnte da getrost noch zuschauen und seine RLM Teamkollegen anfeuern. In der Kategorie d\u00fcrfen noch keine Zeitfahrr\u00e4der verwendet werden und es wurde auch auf verk\u00fcrzter Strecke gefahren. Mit 30 Schnitt bew\u00e4ltigte er die Strecke und wurde Wiener Landesmeister.<\/p>\n<p>Danach waren die M\u00e4dels dran. Cili f\u00fcr uns am Start beim ersten echten Renneinsatz. Daf\u00fcr hat sie sich echt gut geschlagen. Der 18km lange Kurs sehr selektiv und nicht einfach zu fahren immerhin ohne Zeitfahrrad mit \u00fcber 33 Schnitt und 29min 36sec. Dies war gerademal 8 sec hinter der Siegerin und bedeutete Podium mit Platz 2. Sogar noch 20 sec vor der aktuellen Master Meisterin.<\/p>\n<p><a href=\"http:\/\/rc-awr.at\/wp-content\/uploads\/2021\/05\/WhatsApp-Image-2021-05-05-at-19.13.52.jpeg\"><img decoding=\"async\" loading=\"lazy\" class=\"alignnone wp-image-353 size-thumbnail\" src=\"http:\/\/rc-awr.at\/wp-content\/uploads\/2021\/05\/WhatsApp-Image-2021-05-05-at-19.13.52-150x150.jpeg\" alt=\"\" width=\"150\" height=\"150\" \/><\/a> <a href=\"http:\/\/rc-awr.at\/wp-content\/uploads\/2021\/05\/WhatsApp-Image-2021-05-05-at-19.13.53-1.jpeg\"><img decoding=\"async\" loading=\"lazy\" class=\"alignnone wp-image-354 size-thumbnail\" src=\"http:\/\/rc-awr.at\/wp-content\/uploads\/2021\/05\/WhatsApp-Image-2021-05-05-at-19.13.53-1-150x150.jpeg\" alt=\"\" width=\"150\" height=\"150\" srcset=\"https:\/\/website.rc-awr.at\/wp-content\/uploads\/2021\/05\/WhatsApp-Image-2021-05-05-at-19.13.53-1-150x150.jpeg 150w, https:\/\/website.rc-awr.at\/wp-content\/uploads\/2021\/05\/WhatsApp-Image-2021-05-05-at-19.13.53-1-300x300.jpeg 300w, https:\/\/website.rc-awr.at\/wp-content\/uploads\/2021\/05\/WhatsApp-Image-2021-05-05-at-19.13.53-1.jpeg 768w\" sizes=\"(max-width: 150px) 100vw, 150px\" \/><\/a> <a href=\"http:\/\/rc-awr.at\/wp-content\/uploads\/2021\/05\/WhatsApp-Image-2021-05-05-at-19.13.53-2.jpeg\"><img decoding=\"async\" loading=\"lazy\" class=\"alignnone wp-image-355 size-thumbnail\" src=\"http:\/\/rc-awr.at\/wp-content\/uploads\/2021\/05\/WhatsApp-Image-2021-05-05-at-19.13.53-2-150x150.jpeg\" alt=\"\" width=\"150\" height=\"150\" \/><\/a> <a href=\"http:\/\/rc-awr.at\/wp-content\/uploads\/2021\/05\/WhatsApp-Image-2021-05-05-at-19.13.53-3.jpeg\"><img decoding=\"async\" loading=\"lazy\" class=\"alignnone wp-image-356 size-thumbnail\" src=\"http:\/\/rc-awr.at\/wp-content\/uploads\/2021\/05\/WhatsApp-Image-2021-05-05-at-19.13.53-3-150x150.jpeg\" alt=\"\" width=\"150\" height=\"150\" \/><\/a> <a href=\"http:\/\/rc-awr.at\/wp-content\/uploads\/2021\/05\/WhatsApp-Image-2021-05-05-at-19.13.53.jpeg\"><img decoding=\"async\" loading=\"lazy\" class=\"alignnone wp-image-357 size-thumbnail\" src=\"http:\/\/rc-awr.at\/wp-content\/uploads\/2021\/05\/WhatsApp-Image-2021-05-05-at-19.13.53-150x150.jpeg\" alt=\"\" width=\"150\" height=\"150\" \/><\/a><\/p>\n<p>Am Schluss die M\u00e4nner. Angefangen von Richard, der das Ziel hatte, nicht letzter zu werden. Nach der Verletzung, die ihn noch immer ganz sch\u00f6n behindert. Platz 8 und mit 37km\/h Schnitt und 4 Min Vorsprung auf den letzten Platz.<\/p>\n<p>Danach Peppi, der nach seiner OP sich wirklich an den Start gestellt hat. Eigentlich unglaublich, dass er schon am Rad sitzen kann immerhin mit 34 Schnitt und Platz 7. Da kann man nur den Hut ziehen.<\/p>\n<p>Als letzter dann Peter Goluska. Ebenso von seiner R\u00fcckenverletzung noch nicht komplett ausgeheilt wieder am Start und voll motiviert. 33 Schnitt und Platz 6 in der Master 4 sind wieder ein beachtliches Ergebnis.<\/p>\n<p>Leider war keiner von uns bei den Amateuren am Start es h\u00e4tte vermutlich f\u00fcrs Podium bei der Landesmeisterschaft gereicht.<\/p>\n<p>Wir gratulieren allen Teilnehmern zu den gezeigten Leistungen.<\/p>\n","protected":false},"excerpt":{"rendered":"<p>Nachdem leider fast einem Jahr sehr wenig auf der sportlichen Seite los ist in &Ouml;sterreich, war es wieder ein Wohltat, ein Rennen bestreiten zu d&uuml;rfen. Mit strengen Covid Auflagen mit<\/p>\n","protected":false},"author":1,"featured_media":353,"comment_status":"open","ping_status":"open","sticky":false,"template":"","format":"standard","meta":[],"categories":[1],"tags":[],"_links":{"self":[{"href":"https:\/\/website.rc-awr.at\/index.php?rest_route=\/wp\/v2\/posts\/352"}],"collection":[{"href":"https:\/\/website.rc-awr.at\/index.php?rest_route=\/wp\/v2\/posts"}],"about":[{"href":"https:\/\/website.rc-awr.at\/index.php?rest_route=\/wp\/v2\/types\/post"}],"author":[{"embeddable":true,"href":"https:\/\/website.rc-awr.at\/index.php?rest_route=\/wp\/v2\/users\/1"}],"replies":[{"embeddable":true,"href":"https:\/\/website.rc-awr.at\/index.php?rest_route=%2Fwp%2Fv2%2Fcomments&post=352"}],"version-history":[{"count":1,"href":"https:\/\/website.rc-awr.at\/index.php?rest_route=\/wp\/v2\/posts\/352\/revisions"}],"predecessor-version":[{"id":358,"href":"https:\/\/website.rc-awr.at\/index.php?rest_route=\/wp\/v2\/posts\/352\/revisions\/358"}],"wp:featuredmedia":[{"embeddable":true,"href":"https:\/\/website.rc-awr.at\/index.php?rest_route=\/wp\/v2\/media\/353"}],"wp:attachment":[{"href":"https:\/\/website.rc-awr.at\/index.php?rest_route=%2Fwp%2Fv2%2Fmedia&parent=352"}],"wp:term":[{"taxonomy":"category","embeddable":true,"href":"https:\/\/website.rc-awr.at\/index.php?rest_route=%2Fwp%2Fv2%2Fcategories&post=352"},{"taxonomy":"post_tag","embeddable":true,"href":"https:\/\/website.rc-awr.at\/index.php?rest_route=%2Fwp%2Fv2%2Ftags&post=352"}],"curies":[{"name":"wp","href":"https:\/\/api.w.org\/{rel}","templated":true}]}}