{"id":368,"date":"2021-06-02T13:47:37","date_gmt":"2021-06-02T11:47:37","guid":{"rendered":"http:\/\/rc-awr.at\/?p=368"},"modified":"2021-06-02T13:47:37","modified_gmt":"2021-06-02T11:47:37","slug":"st-ruprechter-radsporttage","status":"publish","type":"post","link":"https:\/\/website.rc-awr.at\/?p=368","title":{"rendered":"St. Ruprechter Radsporttage"},"content":{"rendered":"<p>Letztes Wochenende fanden die St. Ruprechter Radsporttage statt. Am Samstag ein Zeitfahren und am Sonntag ein Kriterium.\u00a0Von uns waren Cili und Richard am Start. Mit dabei auch Mario der zwar jetzt im Landeskader beim RLM f\u00e4hrt aber noch immer zu uns geh\u00f6rt.<\/p>\n<p>Als erstes startet Mario. 6km und 100hm mit 14min kommt er auf den 26. Platz bei den U15. Erster richtiger Vergleich, da sieht man wo die Reise hingehen sollte. 3 Min schneller als vor 2 Jahren, die Richtung stimmt.<\/p>\n<p><a href=\"http:\/\/rc-awr.at\/wp-content\/uploads\/2021\/06\/IMG_4580.jpg\"><img decoding=\"async\" loading=\"lazy\" class=\"alignnone wp-image-372 size-thumbnail\" src=\"http:\/\/rc-awr.at\/wp-content\/uploads\/2021\/06\/IMG_4580-150x150.jpg\" alt=\"\" width=\"150\" height=\"150\" \/><\/a><br \/>\nDanach schl\u00e4gt das Wetter um und es sch\u00fcttet und hagelt ganz leicht. Genau da sind dann Cili und Richard dran. Cili &#8211; noch nie mit Zeitfahrrad im Regen gefahren &#8211; schl\u00e4gt sich gut und wird erste bei den Master Damen und 9. bei Elite. Ist aber nicht wirklich zufrieden. Auf die Elite Bestzeit fehlt eine Minute. Naja mal sehn was da noch kommt. Richard geht es halbwegs, aber die tiefen Temperaturen und Regen sind f\u00fcr die Verletzungen auch nicht hilfreich so kommt er \u00fcber den 6. Platz nicht hinaus.<\/p>\n<p><a href=\"http:\/\/rc-awr.at\/wp-content\/uploads\/2021\/06\/9770afe607f539479acadbc555faae0d.jpg\"><img decoding=\"async\" loading=\"lazy\" class=\"alignnone wp-image-369 size-thumbnail\" src=\"http:\/\/rc-awr.at\/wp-content\/uploads\/2021\/06\/9770afe607f539479acadbc555faae0d-150x150.jpg\" alt=\"\" width=\"150\" height=\"150\" \/><\/a> <a href=\"http:\/\/rc-awr.at\/wp-content\/uploads\/2021\/06\/IMG_4588.jpg\"><img decoding=\"async\" loading=\"lazy\" class=\"alignnone wp-image-373 size-thumbnail\" src=\"http:\/\/rc-awr.at\/wp-content\/uploads\/2021\/06\/IMG_4588-150x150.jpg\" alt=\"\" width=\"150\" height=\"150\" \/><\/a><\/p>\n<p>Am Sonntag stand dann das Kriterium am Plan. F\u00fcr Mario das erste Massenstartrennen bei U15. Taktisch am Anfang gut gefahren, denn die erste Runde f\u00fchrte er gleich an. Wie zu erwarten, gab es in der Mitte des Feldes schon einen Sturz und er nicht dabei. Danach wurde das Rennen abgebrochen und neu gestartet. Leider, denn er w\u00e4re in der Spitze vertreten gewesen. Bei der Neuauflage wurde schon richtig Rennen gefahren und bei Mitte des Rennens war dann die Kraft langsam am Ende und das Feld zerlegte sich. Mario leider etwas zu weit hinten und wurde abgeh\u00e4ngt. Aber f\u00fcr das erste Rennen hat er sich nicht schlecht geschlagen und Platz 14 eingefahren.<\/p>\n<p><a href=\"http:\/\/rc-awr.at\/wp-content\/uploads\/2021\/06\/IMG_4601.jpg\"><img decoding=\"async\" loading=\"lazy\" class=\"alignnone wp-image-374 size-thumbnail\" src=\"http:\/\/rc-awr.at\/wp-content\/uploads\/2021\/06\/IMG_4601-150x150.jpg\" alt=\"\" width=\"150\" height=\"150\" \/><\/a> <a href=\"http:\/\/rc-awr.at\/wp-content\/uploads\/2021\/06\/IMG_4620.jpg\"><img decoding=\"async\" loading=\"lazy\" class=\"alignnone wp-image-375 size-thumbnail\" src=\"http:\/\/rc-awr.at\/wp-content\/uploads\/2021\/06\/IMG_4620-150x150.jpg\" alt=\"\" width=\"150\" height=\"150\" \/><\/a> <a href=\"http:\/\/rc-awr.at\/wp-content\/uploads\/2021\/06\/IMG_4628.jpg\"><img decoding=\"async\" loading=\"lazy\" class=\"alignnone wp-image-376 size-thumbnail\" src=\"http:\/\/rc-awr.at\/wp-content\/uploads\/2021\/06\/IMG_4628-150x150.jpg\" alt=\"\" width=\"150\" height=\"150\" \/><\/a><br \/>\nDanach Cili, ihr erstes Rennen mit den Elite Frauen. Da war schon etwas Bammel da, aber die Vorgabe der Taktik war gleich wie bei Mario. Erste Runde mal draufdr\u00fccken und sich aus dem Get\u00fcmmel heraus halten. Das klappte und sie konnte gut mit den M\u00e4dels mitfahren. Die Sprintwertungen sind noch nicht das Thema, da muss man sich noch um Sprintvorbereitung, Positionierung etc. k\u00fcmmern. Aber gegen Ende hat sie mal geschaut was bei den Konkurrentinnen noch drin ist und hat 2x attackiert. Das erste Mal hat&#8217;s nicht geklappt, aber beim 2. Mal ist sie solo weg gekommen 3 Runden vor Schluss. Den Vorsprung hat sie ins Ziel gebracht hinter einer 4 Frauen Spitze die sich knapp davor l\u00f6ste. Somit ging sich der 7. Platz bei der Elite aus. Erstes Preisgeld und Teilnahme bei der Siegerehrung . Was will man mehr?<\/p>\n<p><a href=\"http:\/\/rc-awr.at\/wp-content\/uploads\/2021\/06\/DSC_2105.jpg\"> <img decoding=\"async\" loading=\"lazy\" class=\"alignnone wp-image-371 size-thumbnail\" src=\"http:\/\/rc-awr.at\/wp-content\/uploads\/2021\/06\/DSC_2105-150x150.jpg\" alt=\"\" width=\"150\" height=\"150\" \/><\/a><a href=\"http:\/\/rc-awr.at\/wp-content\/uploads\/2021\/06\/IMG_4634.jpg\"><img decoding=\"async\" loading=\"lazy\" class=\"alignnone wp-image-377 size-thumbnail\" src=\"http:\/\/rc-awr.at\/wp-content\/uploads\/2021\/06\/IMG_4634-150x150.jpg\" alt=\"\" width=\"150\" height=\"150\" \/><\/a><a href=\"http:\/\/rc-awr.at\/wp-content\/uploads\/2021\/06\/IMG_4678.jpg\"><img decoding=\"async\" loading=\"lazy\" class=\"alignnone wp-image-378 size-thumbnail\" src=\"http:\/\/rc-awr.at\/wp-content\/uploads\/2021\/06\/IMG_4678-150x150.jpg\" alt=\"\" width=\"150\" height=\"150\" \/><\/a><a href=\"http:\/\/rc-awr.at\/wp-content\/uploads\/2021\/06\/IMG_4802.jpg\"><img decoding=\"async\" loading=\"lazy\" class=\"alignnone wp-image-381 size-thumbnail\" src=\"http:\/\/rc-awr.at\/wp-content\/uploads\/2021\/06\/IMG_4802-150x150.jpg\" alt=\"\" width=\"150\" height=\"150\" \/><\/a><a href=\"http:\/\/rc-awr.at\/wp-content\/uploads\/2021\/06\/IMG_4678.jpg\"><img decoding=\"async\" loading=\"lazy\" class=\"alignnone wp-image-378 size-thumbnail\" src=\"http:\/\/rc-awr.at\/wp-content\/uploads\/2021\/06\/IMG_4678-150x150.jpg\" alt=\"\" width=\"150\" height=\"150\" \/><\/a><a href=\"http:\/\/rc-awr.at\/wp-content\/uploads\/2021\/06\/IMG_4837.jpg\"><img decoding=\"async\" loading=\"lazy\" class=\"alignnone wp-image-382 size-thumbnail\" src=\"http:\/\/rc-awr.at\/wp-content\/uploads\/2021\/06\/IMG_4837-150x150.jpg\" alt=\"\" width=\"150\" height=\"150\" \/><\/a><a href=\"http:\/\/rc-awr.at\/wp-content\/uploads\/2021\/06\/IMG_4634.jpg\"><img decoding=\"async\" loading=\"lazy\" class=\"alignnone wp-image-377 size-thumbnail\" src=\"http:\/\/rc-awr.at\/wp-content\/uploads\/2021\/06\/IMG_4634-150x150.jpg\" alt=\"\" width=\"150\" height=\"150\" \/><\/a> <a href=\"http:\/\/rc-awr.at\/wp-content\/uploads\/2021\/06\/DSC_2099.jpg\"><img decoding=\"async\" loading=\"lazy\" class=\"alignnone wp-image-370 size-thumbnail\" src=\"http:\/\/rc-awr.at\/wp-content\/uploads\/2021\/06\/DSC_2099-150x150.jpg\" alt=\"\" width=\"150\" height=\"150\" \/><\/a><\/p>\n<p>Herzliche Gratulation an die Leistungen<\/p>\n","protected":false},"excerpt":{"rendered":"<p>Letztes Wochenende fanden die St. Ruprechter Radsporttage statt. Am Samstag ein Zeitfahren und am Sonntag ein Kriterium.&nbsp;Von uns waren Cili und Richard am Start. Mit dabei auch Mario der zwar<\/p>\n","protected":false},"author":1,"featured_media":369,"comment_status":"open","ping_status":"open","sticky":false,"template":"","format":"standard","meta":[],"categories":[1],"tags":[],"_links":{"self":[{"href":"https:\/\/website.rc-awr.at\/index.php?rest_route=\/wp\/v2\/posts\/368"}],"collection":[{"href":"https:\/\/website.rc-awr.at\/index.php?rest_route=\/wp\/v2\/posts"}],"about":[{"href":"https:\/\/website.rc-awr.at\/index.php?rest_route=\/wp\/v2\/types\/post"}],"author":[{"embeddable":true,"href":"https:\/\/website.rc-awr.at\/index.php?rest_route=\/wp\/v2\/users\/1"}],"replies":[{"embeddable":true,"href":"https:\/\/website.rc-awr.at\/index.php?rest_route=%2Fwp%2Fv2%2Fcomments&post=368"}],"version-history":[{"count":1,"href":"https:\/\/website.rc-awr.at\/index.php?rest_route=\/wp\/v2\/posts\/368\/revisions"}],"predecessor-version":[{"id":384,"href":"https:\/\/website.rc-awr.at\/index.php?rest_route=\/wp\/v2\/posts\/368\/revisions\/384"}],"wp:featuredmedia":[{"embeddable":true,"href":"https:\/\/website.rc-awr.at\/index.php?rest_route=\/wp\/v2\/media\/369"}],"wp:attachment":[{"href":"https:\/\/website.rc-awr.at\/index.php?rest_route=%2Fwp%2Fv2%2Fmedia&parent=368"}],"wp:term":[{"taxonomy":"category","embeddable":true,"href":"https:\/\/website.rc-awr.at\/index.php?rest_route=%2Fwp%2Fv2%2Fcategories&post=368"},{"taxonomy":"post_tag","embeddable":true,"href":"https:\/\/website.rc-awr.at\/index.php?rest_route=%2Fwp%2Fv2%2Ftags&post=368"}],"curies":[{"name":"wp","href":"https:\/\/api.w.org\/{rel}","templated":true}]}}