{"id":404,"date":"2021-06-29T13:30:27","date_gmt":"2021-06-29T11:30:27","guid":{"rendered":"http:\/\/rc-awr.at\/?p=404"},"modified":"2021-06-29T13:32:02","modified_gmt":"2021-06-29T11:32:02","slug":"awr-ausfahrt-am-27-6-2021","status":"publish","type":"post","link":"https:\/\/website.rc-awr.at\/?p=404","title":{"rendered":"AWR-Ausfahrt am 27.6.2021"},"content":{"rendered":"<p>Die Sehnsucht nach einer gemeinsamen Ausfahrt war gro\u00df. Dementsprechend viele Klubmitglieder versammelten sich am Treffpunkt \u201eGelbe Br\u00fccke\u201c auf der Donauinsel. P\u00fcnktlich um 9 Uhr starteten 13 AWRlerInnen, verst\u00e4rkt mit 3 burgenl\u00e4ndischen Radfreunden, die bis dahin schon 45km in den Beinen hatten.<br \/>\nKarl Koller, m\u00fcde vom Bergtraining am Vortag, \u00fcbernahm die Pace in seinem Regenerationsbereich(!!) und f\u00fchrte das Feld mit gleichm\u00e4\u00dfigem Tempo geschlossen \u00fcber die H\u00fcgel des Weinviertels. F\u00fcr uns war\u00b4s immer noch flott genug, denn der Tacho sank kaum unter 30km\/h.<br \/>\nIn Stetten, dem zweiten Treffpunkt, stie\u00dfen vier weitere AWRler zur Gruppe. Von der Ortstafel weg Richtung Seebarn fuhren wir die Route des geplanten Stra\u00dfenrennens zur Vereinsmeisterschaft ab. In z\u00fcgiger Fahrt \u00fcber zahlreiche Wellen, knackigen Anstiegen, kurvenreichen Abfahrten und dem selektiven Schlussanstieg \u00fcber das Kopfsteinpflaster von Pf\u00f6sing konnte man sich einen guten \u00dcberblick \u00fcber das Streckenprofil verschaffen.<\/p>\n<p><a href=\"http:\/\/rc-awr.at\/wp-content\/uploads\/2021\/06\/WhatsApp-Image-2021-06-27-at-13.46.31.jpeg\"><img decoding=\"async\" loading=\"lazy\" class=\"alignnone wp-image-405 size-thumbnail\" src=\"http:\/\/rc-awr.at\/wp-content\/uploads\/2021\/06\/WhatsApp-Image-2021-06-27-at-13.46.31-150x150.jpeg\" alt=\"\" width=\"150\" height=\"150\" \/><\/a>\u00a0 \u00a0<a href=\"http:\/\/rc-awr.at\/wp-content\/uploads\/2021\/06\/WhatsApp-Image-2021-06-28-at-12.54.48.jpeg\"><img decoding=\"async\" loading=\"lazy\" class=\"alignnone wp-image-406 size-thumbnail\" src=\"http:\/\/rc-awr.at\/wp-content\/uploads\/2021\/06\/WhatsApp-Image-2021-06-28-at-12.54.48-150x150.jpeg\" alt=\"\" width=\"150\" height=\"150\" \/><\/a>\u00a0 \u00a0 <a href=\"http:\/\/rc-awr.at\/wp-content\/uploads\/2021\/06\/WhatsApp-Image-2021-06-28-at-12.56.13.jpeg\"><img decoding=\"async\" loading=\"lazy\" class=\"alignnone wp-image-407 size-thumbnail\" src=\"http:\/\/rc-awr.at\/wp-content\/uploads\/2021\/06\/WhatsApp-Image-2021-06-28-at-12.56.13-150x150.jpeg\" alt=\"\" width=\"150\" height=\"150\" \/><\/a>\u00a0 \u00a0 <a href=\"http:\/\/rc-awr.at\/wp-content\/uploads\/2021\/06\/WhatsApp-Image-2021-06-28-at-12.56.58.jpeg\"><img decoding=\"async\" loading=\"lazy\" class=\"alignnone wp-image-408 size-thumbnail\" src=\"http:\/\/rc-awr.at\/wp-content\/uploads\/2021\/06\/WhatsApp-Image-2021-06-28-at-12.56.58-150x150.jpeg\" alt=\"\" width=\"150\" height=\"150\" \/><\/a><br \/>\nNach einer kurzen Verschnaufpause rollten die einen heimw\u00e4rts, andere labten sich in der Konditorei in Hagenbrunn mit Kuchen und verschiedenen Getr\u00e4nken.<br \/>\nDanke an Gerry Staber f\u00fcr die Fotos, die er mit sehr viel Einsatz f\u00fcr uns gemacht hat.<\/p>\n<p><iframe loading=\"lazy\" title=\"AWR Ausfahrt Weinviertel am 27.06.2021\" width=\"640\" height=\"480\" src=\"https:\/\/www.youtube.com\/embed\/R3-b6QFppkM?feature=oembed\" frameborder=\"0\" allow=\"accelerometer; autoplay; clipboard-write; encrypted-media; gyroscope; picture-in-picture\" allowfullscreen><\/iframe><\/p>\n","protected":false},"excerpt":{"rendered":"<p>Die Sehnsucht nach einer gemeinsamen Ausfahrt war gro&szlig;. Dementsprechend viele Klubmitglieder versammelten sich am Treffpunkt &bdquo;Gelbe Br&uuml;cke&ldquo; auf der Donauinsel. P&uuml;nktlich um 9 Uhr starteten 13 AWRlerInnen, verst&auml;rkt mit 3<\/p>\n","protected":false},"author":1,"featured_media":408,"comment_status":"open","ping_status":"open","sticky":false,"template":"","format":"standard","meta":[],"categories":[1],"tags":[],"_links":{"self":[{"href":"https:\/\/website.rc-awr.at\/index.php?rest_route=\/wp\/v2\/posts\/404"}],"collection":[{"href":"https:\/\/website.rc-awr.at\/index.php?rest_route=\/wp\/v2\/posts"}],"about":[{"href":"https:\/\/website.rc-awr.at\/index.php?rest_route=\/wp\/v2\/types\/post"}],"author":[{"embeddable":true,"href":"https:\/\/website.rc-awr.at\/index.php?rest_route=\/wp\/v2\/users\/1"}],"replies":[{"embeddable":true,"href":"https:\/\/website.rc-awr.at\/index.php?rest_route=%2Fwp%2Fv2%2Fcomments&post=404"}],"version-history":[{"count":1,"href":"https:\/\/website.rc-awr.at\/index.php?rest_route=\/wp\/v2\/posts\/404\/revisions"}],"predecessor-version":[{"id":409,"href":"https:\/\/website.rc-awr.at\/index.php?rest_route=\/wp\/v2\/posts\/404\/revisions\/409"}],"wp:featuredmedia":[{"embeddable":true,"href":"https:\/\/website.rc-awr.at\/index.php?rest_route=\/wp\/v2\/media\/408"}],"wp:attachment":[{"href":"https:\/\/website.rc-awr.at\/index.php?rest_route=%2Fwp%2Fv2%2Fmedia&parent=404"}],"wp:term":[{"taxonomy":"category","embeddable":true,"href":"https:\/\/website.rc-awr.at\/index.php?rest_route=%2Fwp%2Fv2%2Fcategories&post=404"},{"taxonomy":"post_tag","embeddable":true,"href":"https:\/\/website.rc-awr.at\/index.php?rest_route=%2Fwp%2Fv2%2Ftags&post=404"}],"curies":[{"name":"wp","href":"https:\/\/api.w.org\/{rel}","templated":true}]}}