{"id":419,"date":"2021-07-13T14:20:42","date_gmt":"2021-07-13T12:20:42","guid":{"rendered":"http:\/\/rc-awr.at\/?p=419"},"modified":"2021-07-13T14:20:42","modified_gmt":"2021-07-13T12:20:42","slug":"letzte-bahnmeisterschaften-im-dusika","status":"publish","type":"post","link":"https:\/\/website.rc-awr.at\/?p=419","title":{"rendered":"Letzte Bahnmeisterschaften im Dusika &#8230;."},"content":{"rendered":"<p>Nachdem die Stadt Wien beschlossen hat, die Bahn doch fr\u00fcher abzurei\u00dfen als urspr\u00fcnglich gesagt, hat sich der \u00d6RV kurzfristig dazu entschieden spontan Bahnmeisterschaften auszutragen. Knapp \u00fcber eine Woche Vorbereitungszeit war daf\u00fcr m\u00f6glich, da man eine Zutrittsberechtigungskarte daf\u00fcr ben\u00f6tigte.<br \/>\nDiese Chance nutzten Hermann, Richard und Cili. Nach einigen Trainingseinheiten mit Hermann, der seine Laufr\u00e4der schon verkauft hatte, klappte das Training doch recht gut. Es konzentrierte sich auf die Massenstartbewerbe. Anders Richard und Cili. Nach der Verletzung und Metall im K\u00f6rper traute sich Richard nicht in die Massenstartbewerbe kurz vor hoffentlich einen neuen OP Termin. Also auf die Zeitfahrbewerbe ins Auge fassen und hierf\u00fcr vorbereiten. Bei Cili fehlt die komplette Erfahrung in einem Feld auf der Bahn, da w\u00e4re es unverantwortlich, sie in ein Massenstartrennen zu schicken. Daher der gleiche Plan wie Richard.<\/p>\n<p>Am Dienstag als erster war Richard an der Reihe mit 750m Zeitfahren und 3000m Einzelverfolgung.<br \/>\nTrotz der kurzen Vorbereitung etwas Risiko eingegangen und eine gr\u00f6\u00dfere \u00dcbersetzung gew\u00e4hlt, da vorher Bergtraining am Plan gestanden hat, das sind 120 Umdrehungen eher nicht so der Fall.<br \/>\nNach gegl\u00fcckten Start aus der Maschine die \u00dcbersetzung echt in Schwung bekommen und in den 3 Runden alles gegeben. Mit einer Zehntel Sekunde gewonnen und \u00d6sterreichischer Meister in dieser Disziplin. Einfach unglaublich. Danach etwas Pause und die 3000m. Hier war ich vom Kopf aber nicht mehr ganz bereit. Die Emotionen vom Sieg haben noch nachgehallt.<br \/>\nDer Start wieder genau nach Plan, die ersten Runden auch, nach der H\u00e4lfte hat aber die Hitze in der Halle und der vorherige Bewerb etwas zugeschlagen und ich hab nur noch 48km\/h fahren k\u00f6nnen. Trotzdem war die Zeit halbwegs ok. \u00dcberraschender Weise reichte es sogar noch aufs Podest und ich bin 3. In der \u00d6sterreichischen Meisterschaft geworden. 3,5 Sekunden R\u00fcckstand auf Silber. Das ist dann doch deutlich.<\/p>\n<p>Hermann ohne Aufleger bei den 1000m Zeitfahren gegen die Jungs mit Zeitfahrmaterial wenig Chancen, doch \u00fcberraschend mit 1:17 3 Sekunden an den Jungs dran und 5. Gesamt und Vizelandesmeister.<\/p>\n<p>Am n\u00e4chsten Tag dann Hermann, Cili und Mario.\u00a0Mario genauso Zeitfahren, Einzelverfolgung und Sprint. Da er im ersten Jahr U15 ist, ist da k\u00f6rperlich ein kleiner Unterschied. Er absolviert die Bewerbe aber echt gut. 500m Zeitfahren in 44 Sekunden und die 1000m Einzelverfolgung in 1:29. Das mit \u00dcbersetzungslimit. Jeweils auf Platz 7 und Landesmeister.<\/p>\n<p><a href=\"http:\/\/rc-awr.at\/wp-content\/uploads\/2021\/07\/DSC_2385.jpg\"><img decoding=\"async\" loading=\"lazy\" class=\"alignnone wp-image-426 size-thumbnail\" src=\"http:\/\/rc-awr.at\/wp-content\/uploads\/2021\/07\/DSC_2385-150x150.jpg\" alt=\"\" width=\"150\" height=\"150\" \/><\/a><a href=\"http:\/\/rc-awr.at\/wp-content\/uploads\/2021\/07\/IMG_20210707_205932_027.jpg\">\u00a0 <\/a><a href=\"http:\/\/rc-awr.at\/wp-content\/uploads\/2021\/07\/IMG_20210707_205932_027.jpg\"><img decoding=\"async\" loading=\"lazy\" class=\"alignnone wp-image-439 size-thumbnail\" src=\"http:\/\/rc-awr.at\/wp-content\/uploads\/2021\/07\/IMG_20210707_205932_027-150x150.jpg\" alt=\"\" width=\"150\" height=\"150\" \/><\/a><\/p>\n<p>Cili leider alleine bei den Master Damen, daher bei der Elite mitgewertet.<br \/>\nAls erstes die 3000m. Im Training viel Technik trainiert und die Zeiten jedes Mal verbessert. So kommt dann eine Zeit von 4:06 heraus. Platz 4 bei der Elite und 5 Sekunden hinter der Medaille. F\u00fcr 5 Tage Training auf der Bahn echt beachtlich. Danach das Zeitfahren \u00fcber 500m nach der Mittagspause. Die Hitze in der Halle einfach unglaublich. Im Training am Anfang 47 Sekunden daf\u00fcr ben\u00f6tigt und immer wieder verbessert, kam bei der \u00d6M eine Zeit von 41,8 heraus. 2 Sekunden wieder hinter der Medaille und Platz 4. Jedoch 2x Landesmeister bei der Elite.<\/p>\n<p><a href=\"http:\/\/rc-awr.at\/wp-content\/uploads\/2021\/07\/IMG_20210704_140203_338.jpg\"><img decoding=\"async\" loading=\"lazy\" class=\"alignnone wp-image-438 size-thumbnail\" src=\"http:\/\/rc-awr.at\/wp-content\/uploads\/2021\/07\/IMG_20210704_140203_338-150x150.jpg\" alt=\"\" width=\"150\" height=\"150\" \/>\u00a0 <\/a><a href=\"http:\/\/rc-awr.at\/wp-content\/uploads\/2021\/07\/IMG_20210707_205934_512.jpg\"><img decoding=\"async\" loading=\"lazy\" class=\"alignnone wp-image-440 size-thumbnail\" src=\"http:\/\/rc-awr.at\/wp-content\/uploads\/2021\/07\/IMG_20210707_205934_512-150x150.jpg\" alt=\"\" width=\"150\" height=\"150\" \/>\u00a0 <\/a><a href=\"http:\/\/rc-awr.at\/wp-content\/uploads\/2021\/07\/DSC_2414.jpg\">\u00a0 <\/a><a href=\"http:\/\/rc-awr.at\/wp-content\/uploads\/2021\/07\/DSC_2414.jpg\"><img decoding=\"async\" loading=\"lazy\" class=\"alignnone wp-image-434 size-thumbnail\" src=\"http:\/\/rc-awr.at\/wp-content\/uploads\/2021\/07\/DSC_2414-150x150.jpg\" alt=\"\" width=\"150\" height=\"150\" \/><\/a>\u00a0 <img decoding=\"async\" loading=\"lazy\" class=\"alignnone wp-image-427 size-thumbnail\" src=\"http:\/\/rc-awr.at\/wp-content\/uploads\/2021\/07\/DSC_2393-e1626178580577-150x150.jpg\" alt=\"\" width=\"150\" height=\"150\" srcset=\"https:\/\/website.rc-awr.at\/wp-content\/uploads\/2021\/07\/DSC_2393-e1626178580577-150x150.jpg 150w, https:\/\/website.rc-awr.at\/wp-content\/uploads\/2021\/07\/DSC_2393-e1626178580577-300x298.jpg 300w, https:\/\/website.rc-awr.at\/wp-content\/uploads\/2021\/07\/DSC_2393-e1626178580577.jpg 576w\" sizes=\"(max-width: 150px) 100vw, 150px\" \/> \u00a0<a href=\"http:\/\/rc-awr.at\/wp-content\/uploads\/2021\/07\/DSC_2411.jpg\"><img decoding=\"async\" loading=\"lazy\" class=\"alignnone wp-image-433 size-thumbnail\" src=\"http:\/\/rc-awr.at\/wp-content\/uploads\/2021\/07\/DSC_2411-150x150.jpg\" alt=\"\" width=\"150\" height=\"150\" \/><\/a><\/p>\n<p>Hermann hatte Scratch, Temporennen, Ausscheidungsrennen und Puntkerennen. Er hatte ein echt schweres Los, musste mit den Junioren und Elite mitfahren. Da haben dann die Bahnspezialisten zugeschlagen und haben teilweise Runden \u00fcber 60 km\/h gedreht.<br \/>\nIm Scratch 5. Gesamt und 2. Landesmeisterschaft<br \/>\nTemporennen 4. Und 2. Landesmeisterschaft da wars echt knapp zur Medaille.<br \/>\nAusscheidungsrennen 5. Und Vizelandesmeister.<br \/>\nPunkterennen auch 4. und Landesmeister. Hier gab es dann den gro\u00dfen Massensturz. Zum Gl\u00fcck nichts gebrochen, es gab aber schon einige die im Spital behandelt wurden. Hermann hatte Gl\u00fcck und konnte ausweichen.<\/p>\n<p>Mario ging es nicht so gut, im ersten Rennen durch eine Unachtsamkeit abgeh\u00e4ngt und 8. Geworden.<br \/>\nBeim Temporennen bissl demoralisiert und ebenso als 8. beendet.<br \/>\nDanach Taktikumstellung f\u00fcr das Ausscheidungsrennen und siehe da, er schie\u00dft den Top Favoriten aus den Rennen.<br \/>\nIm Punkterennen schon etwas besser gegangen und super mitfahren k\u00f6nnen. Trotzdem 4x Landesmeister kann sich sehen lassen.<\/p>\n<p>Hermann hat dann noch beim Keirin angegriffen. Leider hatte er Defekt bei den ausgeborgten Laufr\u00e4dern, was er erst nach Ende des Rennens bemerkte. Er zog leider die Position hinter dem Derny und konnte die Gegner nicht am Vorbeifahren hindern und wurde 4. Gesamt und Landesmeister.<\/p>\n<p><a href=\"http:\/\/rc-awr.at\/wp-content\/uploads\/2021\/07\/DSC_2350-e1626178646432.jpg\"><img decoding=\"async\" loading=\"lazy\" class=\"alignnone wp-image-420 size-thumbnail\" src=\"http:\/\/rc-awr.at\/wp-content\/uploads\/2021\/07\/DSC_2350-e1626178646432-150x150.jpg\" alt=\"\" width=\"150\" height=\"150\" \/><\/a>\u00a0<a href=\"http:\/\/rc-awr.at\/wp-content\/uploads\/2021\/07\/DSC_2373-e1626178667294.jpg\"><img decoding=\"async\" loading=\"lazy\" class=\"alignnone wp-image-424 size-thumbnail\" src=\"http:\/\/rc-awr.at\/wp-content\/uploads\/2021\/07\/DSC_2373-e1626178667294-150x150.jpg\" alt=\"\" width=\"150\" height=\"150\" \/><\/a> <a href=\"http:\/\/rc-awr.at\/wp-content\/uploads\/2021\/07\/DSC_2359.jpg\"><img decoding=\"async\" loading=\"lazy\" class=\"alignnone wp-image-421 size-thumbnail\" src=\"http:\/\/rc-awr.at\/wp-content\/uploads\/2021\/07\/DSC_2359-150x150.jpg\" alt=\"\" width=\"150\" height=\"150\" \/><\/a> <a href=\"http:\/\/rc-awr.at\/wp-content\/uploads\/2021\/07\/DSC_2361.jpg\"><img decoding=\"async\" loading=\"lazy\" class=\"alignnone wp-image-422 size-thumbnail\" src=\"http:\/\/rc-awr.at\/wp-content\/uploads\/2021\/07\/DSC_2361-150x150.jpg\" alt=\"\" width=\"150\" height=\"150\" \/><\/a><a href=\"http:\/\/rc-awr.at\/wp-content\/uploads\/2021\/07\/DSC_2435.jpg\"> <img decoding=\"async\" loading=\"lazy\" class=\"alignnone wp-image-435 size-thumbnail\" src=\"http:\/\/rc-awr.at\/wp-content\/uploads\/2021\/07\/DSC_2435-150x150.jpg\" alt=\"\" width=\"150\" height=\"150\" \/><\/a>\u00a0<a href=\"http:\/\/rc-awr.at\/wp-content\/uploads\/2021\/07\/DSC_2374.jpg\"><img decoding=\"async\" loading=\"lazy\" class=\"alignnone wp-image-425 size-thumbnail\" src=\"http:\/\/rc-awr.at\/wp-content\/uploads\/2021\/07\/DSC_2374-150x150.jpg\" alt=\"\" width=\"150\" height=\"150\" \/><\/a> \u00a0\u00a0\u00a0<a href=\"http:\/\/rc-awr.at\/wp-content\/uploads\/2021\/07\/DSC_2404-e1626178733726.jpg\"><img decoding=\"async\" loading=\"lazy\" class=\"alignnone wp-image-430 size-thumbnail\" src=\"http:\/\/rc-awr.at\/wp-content\/uploads\/2021\/07\/DSC_2404-e1626178733726-150x150.jpg\" alt=\"\" width=\"150\" height=\"150\" \/><\/a> <a href=\"http:\/\/rc-awr.at\/wp-content\/uploads\/2021\/07\/DSC_2406.jpg\"><img decoding=\"async\" loading=\"lazy\" class=\"alignnone wp-image-431 size-thumbnail\" src=\"http:\/\/rc-awr.at\/wp-content\/uploads\/2021\/07\/DSC_2406-150x150.jpg\" alt=\"\" width=\"150\" height=\"150\" \/><\/a> <a href=\"http:\/\/rc-awr.at\/wp-content\/uploads\/2021\/07\/DSC_2407.jpg\"><img decoding=\"async\" loading=\"lazy\" class=\"alignnone wp-image-432 size-thumbnail\" src=\"http:\/\/rc-awr.at\/wp-content\/uploads\/2021\/07\/DSC_2407-150x150.jpg\" alt=\"\" width=\"150\" height=\"150\" \/><\/a> \u00a0 \u00a0\u00a0 \u00a0\u00a0<a href=\"http:\/\/rc-awr.at\/wp-content\/uploads\/2021\/07\/DSC_2402.jpg\"><img decoding=\"async\" loading=\"lazy\" class=\"alignnone wp-image-429 size-thumbnail\" src=\"http:\/\/rc-awr.at\/wp-content\/uploads\/2021\/07\/DSC_2402-150x150.jpg\" alt=\"\" width=\"150\" height=\"150\" \/><\/a><\/p>\n<p>Leider waren das die letzten Bahnmeisterschaften, die Rekorde wie die 4:26,547 durch Daniel Auer auf 4km werden wohl f\u00fcr lange Zeit bestehen in \u00d6sterreich.<\/p>\n","protected":false},"excerpt":{"rendered":"<p>Nachdem die Stadt Wien beschlossen hat, die Bahn doch fr&uuml;her abzurei&szlig;en als urspr&uuml;nglich gesagt, hat sich der &Ouml;RV kurzfristig dazu entschieden spontan Bahnmeisterschaften auszutragen. Knapp &uuml;ber eine Woche Vorbereitungszeit war<\/p>\n","protected":false},"author":1,"featured_media":439,"comment_status":"open","ping_status":"open","sticky":false,"template":"","format":"standard","meta":[],"categories":[1],"tags":[],"_links":{"self":[{"href":"https:\/\/website.rc-awr.at\/index.php?rest_route=\/wp\/v2\/posts\/419"}],"collection":[{"href":"https:\/\/website.rc-awr.at\/index.php?rest_route=\/wp\/v2\/posts"}],"about":[{"href":"https:\/\/website.rc-awr.at\/index.php?rest_route=\/wp\/v2\/types\/post"}],"author":[{"embeddable":true,"href":"https:\/\/website.rc-awr.at\/index.php?rest_route=\/wp\/v2\/users\/1"}],"replies":[{"embeddable":true,"href":"https:\/\/website.rc-awr.at\/index.php?rest_route=%2Fwp%2Fv2%2Fcomments&post=419"}],"version-history":[{"count":1,"href":"https:\/\/website.rc-awr.at\/index.php?rest_route=\/wp\/v2\/posts\/419\/revisions"}],"predecessor-version":[{"id":441,"href":"https:\/\/website.rc-awr.at\/index.php?rest_route=\/wp\/v2\/posts\/419\/revisions\/441"}],"wp:featuredmedia":[{"embeddable":true,"href":"https:\/\/website.rc-awr.at\/index.php?rest_route=\/wp\/v2\/media\/439"}],"wp:attachment":[{"href":"https:\/\/website.rc-awr.at\/index.php?rest_route=%2Fwp%2Fv2%2Fmedia&parent=419"}],"wp:term":[{"taxonomy":"category","embeddable":true,"href":"https:\/\/website.rc-awr.at\/index.php?rest_route=%2Fwp%2Fv2%2Fcategories&post=419"},{"taxonomy":"post_tag","embeddable":true,"href":"https:\/\/website.rc-awr.at\/index.php?rest_route=%2Fwp%2Fv2%2Ftags&post=419"}],"curies":[{"name":"wp","href":"https:\/\/api.w.org\/{rel}","templated":true}]}}