{"id":445,"date":"2021-07-13T14:46:30","date_gmt":"2021-07-13T12:46:30","guid":{"rendered":"http:\/\/rc-awr.at\/?p=445"},"modified":"2021-07-13T15:19:04","modified_gmt":"2021-07-13T13:19:04","slug":"oem-strasse-master","status":"publish","type":"post","link":"https:\/\/website.rc-awr.at\/?p=445","title":{"rendered":"\u00d6M Stra\u00dfe Nachwuchs, Amateure, Master"},"content":{"rendered":"<p>Am Sonntag fanden die Stra\u00dfenmeisterschaften statt &#8211; endlich mal bei vern\u00fcnftigen Temperaturen.\u00a0Ein ca. 2 km langer Rundkurs mit einem kleinen H\u00fcgel, der halt h\u00e4rter wird, je \u00f6fter oder je schneller man dr\u00fcber f\u00e4hrt.<\/p>\n<p>Mario war nach dem Kriterium auch beim Stra\u00dfenrennen am Start. Taktik vorne fahren war angesagt. Auf dem 2,5km langen Rundkurs ist es nicht ratsam hinten in den H\u00fcgel zu fahren, denn da verliert man leicht den Anschluss. Er hat das super umgesetzt und konnte ein paar Runden vorne mitfahren. Dann wurde es schnell und das Feld hat sich in mehrere Gruppen zerteilt. Er kam gut mit und wurde 15. Bei dem Rennen. Anscheinend liegt ihm das besser als die Bahn.<\/p>\n<p><a href=\"http:\/\/rc-awr.at\/wp-content\/uploads\/2021\/07\/DSC_2470-1.jpg\"><img decoding=\"async\" loading=\"lazy\" class=\"alignnone wp-image-446 size-thumbnail\" src=\"http:\/\/rc-awr.at\/wp-content\/uploads\/2021\/07\/DSC_2470-1-150x150.jpg\" alt=\"\" width=\"150\" height=\"150\" \/><\/a>\u00a0 <a href=\"http:\/\/rc-awr.at\/wp-content\/uploads\/2021\/07\/IMG_5405.jpg\"><img decoding=\"async\" loading=\"lazy\" class=\"alignnone wp-image-453 size-thumbnail\" src=\"http:\/\/rc-awr.at\/wp-content\/uploads\/2021\/07\/IMG_5405-150x150.jpg\" alt=\"\" width=\"150\" height=\"150\" \/><\/a>\u00a0 <a href=\"http:\/\/rc-awr.at\/wp-content\/uploads\/2021\/07\/IMG_20210711_190704_756.jpg\"><img decoding=\"async\" loading=\"lazy\" class=\"alignnone wp-image-456 size-thumbnail\" src=\"http:\/\/rc-awr.at\/wp-content\/uploads\/2021\/07\/IMG_20210711_190704_756-150x150.jpg\" alt=\"\" width=\"150\" height=\"150\" srcset=\"https:\/\/website.rc-awr.at\/wp-content\/uploads\/2021\/07\/IMG_20210711_190704_756-150x150.jpg 150w, https:\/\/website.rc-awr.at\/wp-content\/uploads\/2021\/07\/IMG_20210711_190704_756-300x300.jpg 300w, https:\/\/website.rc-awr.at\/wp-content\/uploads\/2021\/07\/IMG_20210711_190704_756-768x768.jpg 768w, https:\/\/website.rc-awr.at\/wp-content\/uploads\/2021\/07\/IMG_20210711_190704_756.jpg 922w\" sizes=\"(max-width: 150px) 100vw, 150px\" \/><\/a><\/p>\n<p>Danach wurde es f\u00fcr Cili ernst. Auch sie konnte die taktischen Vorgaben echt gut umsetzen und so ein beherztes Rennen fahren. Selbst die M\u00e4nner hatten zu k\u00e4mpfen, bei ihr dran zu bleiben. Am Ende gewann sie das Rennen und wurde \u00d6sterreichische und Landesmeisterin.<\/p>\n<p><a href=\"http:\/\/rc-awr.at\/wp-content\/uploads\/2021\/07\/IMG_5299.jpg\"><img decoding=\"async\" loading=\"lazy\" class=\"alignnone wp-image-447 size-medium\" src=\"http:\/\/rc-awr.at\/wp-content\/uploads\/2021\/07\/IMG_5299-300x225.jpg\" alt=\"\" width=\"300\" height=\"225\" srcset=\"https:\/\/website.rc-awr.at\/wp-content\/uploads\/2021\/07\/IMG_5299-300x225.jpg 300w, https:\/\/website.rc-awr.at\/wp-content\/uploads\/2021\/07\/IMG_5299-1024x768.jpg 1024w, https:\/\/website.rc-awr.at\/wp-content\/uploads\/2021\/07\/IMG_5299-768x576.jpg 768w, https:\/\/website.rc-awr.at\/wp-content\/uploads\/2021\/07\/IMG_5299-800x600.jpg 800w, https:\/\/website.rc-awr.at\/wp-content\/uploads\/2021\/07\/IMG_5299.jpg 1280w\" sizes=\"(max-width: 300px) 100vw, 300px\" \/><\/a><\/p>\n<p>Dann das gro\u00dfe Feld\u00a0 der Master 1 bis 3. Mit dabei Staber Gerry, Josef Meyer und Richard. Das Rennen wurde am Anfang die ersten 6 Runden richtig flott gefahren und viele Fahrer verloren den Anschluss. Von uns blieb Richard noch vorne dabei. Jede Runde viel immer wieder einer raus. Gegen Ende des Rennen wurde nochmal das Tempo erh\u00f6ht aber es konnte sich keiner absetzen, da war klar, es wird sich um einen Zielsprint handeln. Da Richard kein Risiko eingehen wollte, um erneut verletzt zu werden (2&#215;90 Grad Kurven kurz vor dem Ziel), hielt er sich aus dem Sprint raus und wurde 6. Gesamt und 3. Landesmeisterschaft.<\/p>\n<p>Peppi hatte sich das Rennen gut eingeteilt und wurde Landesmeister.<\/p>\n<p>Pech hatte nur Gerry, er verlor zu fr\u00fch den Anschluss an die Spitze und wurde 4. In der Landesmeisterschaft.<\/p>\n<p><img decoding=\"async\" loading=\"lazy\" class=\"alignnone wp-image-448 size-thumbnail\" src=\"http:\/\/rc-awr.at\/wp-content\/uploads\/2021\/07\/IMG_5339-150x150.jpg\" alt=\"\" width=\"150\" height=\"150\" \/> <a href=\"http:\/\/rc-awr.at\/wp-content\/uploads\/2021\/07\/IMG_5341.jpg\"><img decoding=\"async\" loading=\"lazy\" class=\"alignnone wp-image-449 size-thumbnail\" src=\"http:\/\/rc-awr.at\/wp-content\/uploads\/2021\/07\/IMG_5341-150x150.jpg\" alt=\"\" width=\"150\" height=\"150\" \/><\/a> <a href=\"http:\/\/rc-awr.at\/wp-content\/uploads\/2021\/07\/IMG_5346.jpg\"><img decoding=\"async\" loading=\"lazy\" class=\"alignnone wp-image-450 size-thumbnail\" src=\"http:\/\/rc-awr.at\/wp-content\/uploads\/2021\/07\/IMG_5346-150x150.jpg\" alt=\"\" width=\"150\" height=\"150\" \/> <\/a><a href=\"http:\/\/rc-awr.at\/wp-content\/uploads\/2021\/07\/IMG_5356.jpg\"><img decoding=\"async\" loading=\"lazy\" class=\"alignnone wp-image-452 size-thumbnail\" src=\"http:\/\/rc-awr.at\/wp-content\/uploads\/2021\/07\/IMG_5356-150x150.jpg\" alt=\"\" width=\"150\" height=\"150\" \/> <\/a><a href=\"http:\/\/rc-awr.at\/wp-content\/uploads\/2021\/07\/IMG_20210711_190704_741.jpg\"><img decoding=\"async\" loading=\"lazy\" class=\"alignnone wp-image-455 size-thumbnail\" src=\"http:\/\/rc-awr.at\/wp-content\/uploads\/2021\/07\/IMG_20210711_190704_741-150x150.jpg\" alt=\"\" width=\"150\" height=\"150\" srcset=\"https:\/\/website.rc-awr.at\/wp-content\/uploads\/2021\/07\/IMG_20210711_190704_741-150x150.jpg 150w, https:\/\/website.rc-awr.at\/wp-content\/uploads\/2021\/07\/IMG_20210711_190704_741-300x300.jpg 300w, https:\/\/website.rc-awr.at\/wp-content\/uploads\/2021\/07\/IMG_20210711_190704_741.jpg 1024w, https:\/\/website.rc-awr.at\/wp-content\/uploads\/2021\/07\/IMG_20210711_190704_741-768x768.jpg 768w\" sizes=\"(max-width: 150px) 100vw, 150px\" \/><\/a> <a href=\"http:\/\/rc-awr.at\/wp-content\/uploads\/2021\/07\/IMG_20210711_190704_758.jpg\"><img decoding=\"async\" loading=\"lazy\" class=\"alignnone wp-image-457 size-thumbnail\" src=\"http:\/\/rc-awr.at\/wp-content\/uploads\/2021\/07\/IMG_20210711_190704_758-150x150.jpg\" alt=\"\" width=\"150\" height=\"150\" srcset=\"https:\/\/website.rc-awr.at\/wp-content\/uploads\/2021\/07\/IMG_20210711_190704_758-150x150.jpg 150w, https:\/\/website.rc-awr.at\/wp-content\/uploads\/2021\/07\/IMG_20210711_190704_758-300x300.jpg 300w, https:\/\/website.rc-awr.at\/wp-content\/uploads\/2021\/07\/IMG_20210711_190704_758.jpg 1024w, https:\/\/website.rc-awr.at\/wp-content\/uploads\/2021\/07\/IMG_20210711_190704_758-768x768.jpg 768w\" sizes=\"(max-width: 150px) 100vw, 150px\" \/><\/a> <a href=\"http:\/\/rc-awr.at\/wp-content\/uploads\/2021\/07\/IMG-20210711-WA0007.jpg\"><img decoding=\"async\" loading=\"lazy\" class=\"alignnone wp-image-458 size-thumbnail\" src=\"http:\/\/rc-awr.at\/wp-content\/uploads\/2021\/07\/IMG-20210711-WA0007-150x150.jpg\" alt=\"\" width=\"150\" height=\"150\" \/><\/a><\/p>\n<p>Als letztes dann die Amateure mit Hermann, Nikolaus und Bernhard.\u00a0Hier wurden \u00e4hnliche Rundenzeiten wie die Master in den Asphalt gebrannt. Daher zerlegte es das Feld auch ordentlich. Der Anstieg brachte auch die Entscheidung und ganz vorne l\u00f6ste sich eine Spitze. Bernhard konnte als guter 7. Das Rennen beenden, dahinter Nikolaus als 8. und Hermann als 11.<\/p>\n<p data-wp-editing=\"1\">\u00a0\u00a0\u00a0 \u00a0\u00a0 \u00a0<a href=\"http:\/\/rc-awr.at\/wp-content\/uploads\/2021\/07\/IMG-20210711-WA0016.jpg\"><img decoding=\"async\" loading=\"lazy\" class=\"alignnone wp-image-459 size-thumbnail\" src=\"http:\/\/rc-awr.at\/wp-content\/uploads\/2021\/07\/IMG-20210711-WA0016-150x150.jpg\" alt=\"\" width=\"150\" height=\"150\" \/><\/a> \u00a0<a href=\"http:\/\/rc-awr.at\/wp-content\/uploads\/2021\/07\/IMG-20210711-WA0023.jpg\"><img decoding=\"async\" loading=\"lazy\" class=\"alignnone wp-image-462 size-thumbnail\" src=\"http:\/\/rc-awr.at\/wp-content\/uploads\/2021\/07\/IMG-20210711-WA0023-150x150.jpg\" alt=\"\" width=\"150\" height=\"150\" \/><\/a> <a href=\"http:\/\/rc-awr.at\/wp-content\/uploads\/2021\/07\/IMG-20210711-WA0024.jpg\"><img decoding=\"async\" loading=\"lazy\" class=\"alignnone wp-image-463 size-thumbnail\" src=\"http:\/\/rc-awr.at\/wp-content\/uploads\/2021\/07\/IMG-20210711-WA0024-150x150.jpg\" alt=\"\" width=\"150\" height=\"150\" \/><\/a> <a href=\"http:\/\/rc-awr.at\/wp-content\/uploads\/2021\/07\/IMG-20210711-WA0025.jpg\"><img decoding=\"async\" loading=\"lazy\" class=\"alignnone wp-image-464 size-thumbnail\" src=\"http:\/\/rc-awr.at\/wp-content\/uploads\/2021\/07\/IMG-20210711-WA0025-150x150.jpg\" alt=\"\" width=\"150\" height=\"150\" \/><\/a> <a href=\"http:\/\/rc-awr.at\/wp-content\/uploads\/2021\/07\/IMG-20210711-WA0026.jpg\"><img decoding=\"async\" loading=\"lazy\" class=\"alignnone wp-image-465 size-thumbnail\" src=\"http:\/\/rc-awr.at\/wp-content\/uploads\/2021\/07\/IMG-20210711-WA0026-150x150.jpg\" alt=\"\" width=\"150\" height=\"150\" \/><\/a> <a href=\"http:\/\/rc-awr.at\/wp-content\/uploads\/2021\/07\/IMG-20210711-WA0027.jpg\"><img decoding=\"async\" loading=\"lazy\" class=\"alignnone wp-image-466 size-thumbnail\" src=\"http:\/\/rc-awr.at\/wp-content\/uploads\/2021\/07\/IMG-20210711-WA0027-150x150.jpg\" alt=\"\" width=\"150\" height=\"150\" \/><\/a> <a href=\"http:\/\/rc-awr.at\/wp-content\/uploads\/2021\/07\/IMG-20210711-WA0017.jpg\"><img decoding=\"async\" loading=\"lazy\" class=\"alignnone wp-image-460 size-thumbnail\" src=\"http:\/\/rc-awr.at\/wp-content\/uploads\/2021\/07\/IMG-20210711-WA0017-150x150.jpg\" alt=\"\" width=\"150\" height=\"150\" \/><\/a> <a href=\"http:\/\/rc-awr.at\/wp-content\/uploads\/2021\/07\/IMG-20210711-WA0018.jpg\"><img decoding=\"async\" loading=\"lazy\" class=\"alignnone wp-image-461 size-thumbnail\" src=\"http:\/\/rc-awr.at\/wp-content\/uploads\/2021\/07\/IMG-20210711-WA0018-150x150.jpg\" alt=\"\" width=\"150\" height=\"150\" \/><\/a><\/p>\n","protected":false},"excerpt":{"rendered":"<p>Am Sonntag fanden die Stra&szlig;enmeisterschaften statt &ndash; endlich mal bei vern&uuml;nftigen Temperaturen.&nbsp;Ein ca. 2 km langer Rundkurs mit einem kleinen H&uuml;gel, der halt h&auml;rter wird, je &ouml;fter oder je schneller<\/p>\n","protected":false},"author":1,"featured_media":446,"comment_status":"open","ping_status":"open","sticky":false,"template":"","format":"standard","meta":[],"categories":[1],"tags":[],"_links":{"self":[{"href":"https:\/\/website.rc-awr.at\/index.php?rest_route=\/wp\/v2\/posts\/445"}],"collection":[{"href":"https:\/\/website.rc-awr.at\/index.php?rest_route=\/wp\/v2\/posts"}],"about":[{"href":"https:\/\/website.rc-awr.at\/index.php?rest_route=\/wp\/v2\/types\/post"}],"author":[{"embeddable":true,"href":"https:\/\/website.rc-awr.at\/index.php?rest_route=\/wp\/v2\/users\/1"}],"replies":[{"embeddable":true,"href":"https:\/\/website.rc-awr.at\/index.php?rest_route=%2Fwp%2Fv2%2Fcomments&post=445"}],"version-history":[{"count":3,"href":"https:\/\/website.rc-awr.at\/index.php?rest_route=\/wp\/v2\/posts\/445\/revisions"}],"predecessor-version":[{"id":469,"href":"https:\/\/website.rc-awr.at\/index.php?rest_route=\/wp\/v2\/posts\/445\/revisions\/469"}],"wp:featuredmedia":[{"embeddable":true,"href":"https:\/\/website.rc-awr.at\/index.php?rest_route=\/wp\/v2\/media\/446"}],"wp:attachment":[{"href":"https:\/\/website.rc-awr.at\/index.php?rest_route=%2Fwp%2Fv2%2Fmedia&parent=445"}],"wp:term":[{"taxonomy":"category","embeddable":true,"href":"https:\/\/website.rc-awr.at\/index.php?rest_route=%2Fwp%2Fv2%2Fcategories&post=445"},{"taxonomy":"post_tag","embeddable":true,"href":"https:\/\/website.rc-awr.at\/index.php?rest_route=%2Fwp%2Fv2%2Ftags&post=445"}],"curies":[{"name":"wp","href":"https:\/\/api.w.org\/{rel}","templated":true}]}}