{"id":483,"date":"2021-07-23T17:20:04","date_gmt":"2021-07-23T15:20:04","guid":{"rendered":"http:\/\/rc-awr.at\/?p=483"},"modified":"2021-07-23T17:27:29","modified_gmt":"2021-07-23T15:27:29","slug":"durch-den-monsun-bei-den-wachauer-radtagen","status":"publish","type":"post","link":"https:\/\/website.rc-awr.at\/?p=483","title":{"rendered":"Durch den Monsun bei den Wachauer Radtagen"},"content":{"rendered":"<p>Nach den Lizenzrennen war es letzten Sonntag auch bei den Rad-Marathons so weit, dass wieder Veranstaltungen abgehalten werden konnten. In \u00d6sterreich fanden gleichzeitig die Dolomitenrundfahrt und die Wachauer Radtage statt. Hermann war beim &#8222;Raiffeisen Power Marathon&#8220; \u00fcber 92km, Wolfgang und Robert beim Krone Champions Marathon \u00fcber 159km f\u00fcr den AWR am Start. Hermann wollte unter die Top-10 platziert sein, Robert wollte zur Vorbereitung f\u00fcr den \u00d6tztal Radmarathon die Strecke unter 6 Stunden zur\u00fcck legen, Wolfgang trat &#8222;ohne Ambitionen&#8220; an.<\/p>\n<p><img decoding=\"async\" loading=\"lazy\" class=\"alignnone size-medium wp-image-491\" src=\"http:\/\/rc-awr.at\/wp-content\/uploads\/2021\/07\/WR_WhatsApp-Image-2021-07-18-at-08.47.44-300x225.jpeg\" alt=\"\" width=\"300\" height=\"225\" srcset=\"https:\/\/website.rc-awr.at\/wp-content\/uploads\/2021\/07\/WR_WhatsApp-Image-2021-07-18-at-08.47.44-300x225.jpeg 300w, https:\/\/website.rc-awr.at\/wp-content\/uploads\/2021\/07\/WR_WhatsApp-Image-2021-07-18-at-08.47.44-1024x769.jpeg 1024w, https:\/\/website.rc-awr.at\/wp-content\/uploads\/2021\/07\/WR_WhatsApp-Image-2021-07-18-at-08.47.44-768x576.jpeg 768w, https:\/\/website.rc-awr.at\/wp-content\/uploads\/2021\/07\/WR_WhatsApp-Image-2021-07-18-at-08.47.44-800x600.jpeg 800w, https:\/\/website.rc-awr.at\/wp-content\/uploads\/2021\/07\/WR_WhatsApp-Image-2021-07-18-at-08.47.44.jpeg 1319w\" sizes=\"(max-width: 300px) 100vw, 300px\" \/><\/p>\n<p>P\u00fcnktlich um 9.00 Uhr erfolgte der Start in Mautern. Die Regenf\u00e4lle der letzten Tage sorgten f\u00fcr angenehme Temperaturen und zun\u00e4chtst perfekte Bedingungen. Erstmalig wurden die Starterfelder auch getrennt abgelassen. Eine Ma\u00dfnahme, die f\u00fcr weniger Stress auf den ersten Kilometern gesorgt hatte.<\/p>\n<p>Hermann fuhr ein b\u00e4renstarkes Rennen und konnte sich nach einer guten Startphase in der vorderen Gruppe halten. Erst am Schlussanstieg konnte er das Tempo aber leider nicht mitgehen und musste seinen eigenen Rhythmus fahren. In der Abfahrt und auf den letzten Kilometern war Hermann alleine und wurde kurz vorm Ziel noch von einer f\u00fcnfk\u00f6pfigen Gruppe einge- und \u00fcberholt und \u00fcberrollt.<\/p>\n<p><a href=\"http:\/\/rc-awr.at\/wp-content\/uploads\/2021\/07\/217712087_6672413989450933_6186467113375402589_n.jpg\"><img decoding=\"async\" loading=\"lazy\" class=\"alignnone wp-image-484 size-medium\" src=\"http:\/\/rc-awr.at\/wp-content\/uploads\/2021\/07\/217712087_6672413989450933_6186467113375402589_n-300x200.jpg\" alt=\"\" width=\"300\" height=\"200\" srcset=\"https:\/\/website.rc-awr.at\/wp-content\/uploads\/2021\/07\/217712087_6672413989450933_6186467113375402589_n-300x200.jpg 300w, https:\/\/website.rc-awr.at\/wp-content\/uploads\/2021\/07\/217712087_6672413989450933_6186467113375402589_n-768x512.jpg 768w, https:\/\/website.rc-awr.at\/wp-content\/uploads\/2021\/07\/217712087_6672413989450933_6186467113375402589_n.jpg 960w\" sizes=\"(max-width: 300px) 100vw, 300px\" \/><\/a> <a href=\"http:\/\/rc-awr.at\/wp-content\/uploads\/2021\/07\/219106998_6672413696117629_499308901385613929_n.jpg\"><img decoding=\"async\" loading=\"lazy\" class=\"alignnone wp-image-485 size-medium\" src=\"http:\/\/rc-awr.at\/wp-content\/uploads\/2021\/07\/219106998_6672413696117629_499308901385613929_n-300x200.jpg\" alt=\"\" width=\"300\" height=\"200\" srcset=\"https:\/\/website.rc-awr.at\/wp-content\/uploads\/2021\/07\/219106998_6672413696117629_499308901385613929_n-300x200.jpg 300w, https:\/\/website.rc-awr.at\/wp-content\/uploads\/2021\/07\/219106998_6672413696117629_499308901385613929_n-768x512.jpg 768w, https:\/\/website.rc-awr.at\/wp-content\/uploads\/2021\/07\/219106998_6672413696117629_499308901385613929_n.jpg 960w\" sizes=\"(max-width: 300px) 100vw, 300px\" \/><\/a><\/p>\n<p>Wolfgang und Robert hatten zun\u00e4chst ein gutes Rennen, als nach ca. 2,5 Stunden ein heftiges lokales Gewitter einsetzte. Wolfgang schl\u00fcpfte noch durch, Robert musste die schwierige Abfahrt nach M\u00fchldorf im Starkregen absolvieren. Vorsicht war geboten. Leider wurde dadurch die bisher gut abgestimmte Gruppe zerrissen. \u00dcber den Jauerling machte der Regen kurz Pause, durch die hohe Luftfeuchtigkeit herrschte aber dichter Nebel.<\/p>\n<p>Kurze Zeit sp\u00e4ter setzte neuerdings starker Regen ein, die Bedingungen wurden immer schwieriger. Nachdem die Stra\u00dfen vermurt waren, traf die Rennleitung die richtige Entscheidung, das Rennen abzubrechen. Wolfgang war zu diesem Zeitpunkt schon in Mauer bei Melk, Robert bei der Donaubr\u00fccke in Emmersdorf. Allerdings musste nun noch der R\u00fcckweg angetreten werden. V\u00f6llig durchn\u00e4sst, aber gesund und munter erreichten Wolfgang nach knapp 190km und Robert nach ca. 160km wieder Mautern.<\/p>\n<p>Karl &#8222;KoKa&#8220; Koller war urspr\u00fcnglich auch gemeldet, ist aber kurzfristig nicht zum Rennen angetreten. Da hat wohl jemand die Wetterberichte besser gelesen \ud83d\ude42<\/p>\n<p><a href=\"http:\/\/rc-awr.at\/wp-content\/uploads\/2021\/07\/WhatsApp-Image-2021-07-18-at-20.47.10-1.jpeg\"><img decoding=\"async\" loading=\"lazy\" class=\"alignnone wp-image-487 size-thumbnail\" src=\"http:\/\/rc-awr.at\/wp-content\/uploads\/2021\/07\/WhatsApp-Image-2021-07-18-at-20.47.10-1-150x150.jpeg\" alt=\"\" width=\"150\" height=\"150\" \/><\/a> <a href=\"http:\/\/rc-awr.at\/wp-content\/uploads\/2021\/07\/WhatsApp-Image-2021-07-18-at-20.47.10.jpeg\"><img decoding=\"async\" loading=\"lazy\" class=\"alignnone wp-image-488 size-thumbnail\" src=\"http:\/\/rc-awr.at\/wp-content\/uploads\/2021\/07\/WhatsApp-Image-2021-07-18-at-20.47.10-150x150.jpeg\" alt=\"\" width=\"150\" height=\"150\" \/><\/a><\/p>\n<div style=\"width: 640px;\" class=\"wp-video\"><!--[if lt IE 9]><script>document.createElement('video');<\/script><![endif]-->\n<video class=\"wp-video-shortcode\" id=\"video-483-1\" width=\"640\" height=\"360\" preload=\"metadata\" controls=\"controls\"><source type=\"video\/mp4\" src=\"http:\/\/rc-awr.at\/wp-content\/uploads\/2021\/07\/Video-Cutter_19_7_9_54_10.mp4?_=1\" \/><a href=\"http:\/\/rc-awr.at\/wp-content\/uploads\/2021\/07\/Video-Cutter_19_7_9_54_10.mp4\">http:\/\/rc-awr.at\/wp-content\/uploads\/2021\/07\/Video-Cutter_19_7_9_54_10.mp4<\/a><\/video><\/div>\n<p>&nbsp;<\/p>\n<div style=\"width: 640px;\" class=\"wp-video\"><video class=\"wp-video-shortcode\" id=\"video-483-2\" width=\"640\" height=\"360\" preload=\"metadata\" controls=\"controls\"><source type=\"video\/mp4\" src=\"http:\/\/rc-awr.at\/wp-content\/uploads\/2021\/07\/GOPR0507_Trim.mp4?_=2\" \/><a href=\"http:\/\/rc-awr.at\/wp-content\/uploads\/2021\/07\/GOPR0507_Trim.mp4\">http:\/\/rc-awr.at\/wp-content\/uploads\/2021\/07\/GOPR0507_Trim.mp4<\/a><\/video><\/div>\n<p>&nbsp;<\/p>\n","protected":false},"excerpt":{"rendered":"<p>Nach den Lizenzrennen war es letzten Sonntag auch bei den Rad-Marathons so weit, dass wieder Veranstaltungen abgehalten werden konnten. In &Ouml;sterreich fanden gleichzeitig die Dolomitenrundfahrt und die Wachauer Radtage statt.<\/p>\n","protected":false},"author":1,"featured_media":491,"comment_status":"open","ping_status":"open","sticky":false,"template":"","format":"standard","meta":[],"categories":[1],"tags":[],"_links":{"self":[{"href":"https:\/\/website.rc-awr.at\/index.php?rest_route=\/wp\/v2\/posts\/483"}],"collection":[{"href":"https:\/\/website.rc-awr.at\/index.php?rest_route=\/wp\/v2\/posts"}],"about":[{"href":"https:\/\/website.rc-awr.at\/index.php?rest_route=\/wp\/v2\/types\/post"}],"author":[{"embeddable":true,"href":"https:\/\/website.rc-awr.at\/index.php?rest_route=\/wp\/v2\/users\/1"}],"replies":[{"embeddable":true,"href":"https:\/\/website.rc-awr.at\/index.php?rest_route=%2Fwp%2Fv2%2Fcomments&post=483"}],"version-history":[{"count":4,"href":"https:\/\/website.rc-awr.at\/index.php?rest_route=\/wp\/v2\/posts\/483\/revisions"}],"predecessor-version":[{"id":495,"href":"https:\/\/website.rc-awr.at\/index.php?rest_route=\/wp\/v2\/posts\/483\/revisions\/495"}],"wp:featuredmedia":[{"embeddable":true,"href":"https:\/\/website.rc-awr.at\/index.php?rest_route=\/wp\/v2\/media\/491"}],"wp:attachment":[{"href":"https:\/\/website.rc-awr.at\/index.php?rest_route=%2Fwp%2Fv2%2Fmedia&parent=483"}],"wp:term":[{"taxonomy":"category","embeddable":true,"href":"https:\/\/website.rc-awr.at\/index.php?rest_route=%2Fwp%2Fv2%2Fcategories&post=483"},{"taxonomy":"post_tag","embeddable":true,"href":"https:\/\/website.rc-awr.at\/index.php?rest_route=%2Fwp%2Fv2%2Ftags&post=483"}],"curies":[{"name":"wp","href":"https:\/\/api.w.org\/{rel}","templated":true}]}}