{"id":499,"date":"2021-08-10T14:00:54","date_gmt":"2021-08-10T12:00:54","guid":{"rendered":"http:\/\/rc-awr.at\/?p=499"},"modified":"2021-08-11T10:42:38","modified_gmt":"2021-08-11T08:42:38","slug":"klubmeisterschaft-strasse-im-weinviertel","status":"publish","type":"post","link":"https:\/\/website.rc-awr.at\/?p=499","title":{"rendered":"Klubmeisterschaft &#8222;Stra\u00dfe&#8220; im Weinviertel"},"content":{"rendered":"<p>Nachdem am urspr\u00fcnglichen Termin (1.8.21) der Wettergott kein Einsehen hatte, wurde am Mittwoch, den 4.8.2021 ein neuer Versuch gestartet. Diesmal schienen die Verh\u00e4ltnisse besser zu sein, zumindest zu Beginn.<br \/>\nBesonders erfreulich war, dass sich trotz kurzfristiger \u00c4nderung insgesamt 15 Teilnehmer einfanden und auch genug Streckenposten zur Verf\u00fcgung standen. Einziger Wehrmutstropfen war, dass weder beim ersten noch beim zweiten Termin keine unserer mittlerweile zahlreichen Damen teilnahm.<br \/>\nDie Strecke wurde von Peter Kmetyko und Karl &#8222;KoKa&#8220; Koller nach den Vorgaben der sportlichen Leitung ausgew\u00e4hlt und bereits im Vorfeld von Peter Kubis bestm\u00f6glich beschildert. Die Teilnehmer mussten ca. 55km mit knapp 650 H\u00f6henmeter bew\u00e4ltigen. Typisch f\u00fcr das Weinviertel stellte sich eine h\u00fcgelige Strecke mit dem einen oder anderen giftigen Anstieg entgegen. Als besonderes &#8222;Zuckerl&#8220; fuhr mal zwei mal durch Nieder-Kreuzstetten, dem Geburtsort &#8222;unserer&#8220; Olympiasiegerin Anna Kiesenhofer.<\/p>\n<p>Peter (Kmetyko) f\u00fchrte das Feld von Stetten neutralisiert bis Mollmannsdorf, wo der offizelle Start erfolgte. Sofort bildeten sich auf der Steigung nach Lerchenau einzelne Gruppen. Vorneweg bestimmten Bernhard, Wolfgang und Hermann das Tempo und harmonierten \u00fcber die gesamte Distanz einwandfrei. Die drei \u00e4u\u00dferten nach der Zieldurchfahrt die Bitte, beim KOTL gemeinsam antreten zu k\u00f6nnen.<br \/>\nHinter den Favoriten bildete sich eine sieben-k\u00f6pfige Gruppe mit Manfred, Peter (Gr\u00fcnzweig), Christian, Pepi, Kostas, Georg (Schimanko) und Robert. Peter (Goluszka), Georg (Satzer), Martin, Heinz und G\u00fcnter bildeten das Gruppetto.<\/p>\n<p><a href=\"http:\/\/rc-awr.at\/wp-content\/uploads\/2021\/08\/WhatsApp-Image-2021-08-05-at-11.12.57.jpeg\"><img decoding=\"async\" loading=\"lazy\" class=\"alignnone wp-image-505 size-medium\" src=\"http:\/\/rc-awr.at\/wp-content\/uploads\/2021\/08\/WhatsApp-Image-2021-08-05-at-11.12.57-300x139.jpeg\" alt=\"\" width=\"300\" height=\"139\" srcset=\"https:\/\/website.rc-awr.at\/wp-content\/uploads\/2021\/08\/WhatsApp-Image-2021-08-05-at-11.12.57-300x139.jpeg 300w, https:\/\/website.rc-awr.at\/wp-content\/uploads\/2021\/08\/WhatsApp-Image-2021-08-05-at-11.12.57-1024x473.jpeg 1024w, https:\/\/website.rc-awr.at\/wp-content\/uploads\/2021\/08\/WhatsApp-Image-2021-08-05-at-11.12.57-768x355.jpeg 768w, https:\/\/website.rc-awr.at\/wp-content\/uploads\/2021\/08\/WhatsApp-Image-2021-08-05-at-11.12.57-1536x709.jpeg 1536w, https:\/\/website.rc-awr.at\/wp-content\/uploads\/2021\/08\/WhatsApp-Image-2021-08-05-at-11.12.57.jpeg 1600w\" sizes=\"(max-width: 300px) 100vw, 300px\" \/><\/a> <a href=\"http:\/\/rc-awr.at\/wp-content\/uploads\/2021\/08\/WhatsApp-Image-2021-08-05-at-11.12.58.jpeg\"><img decoding=\"async\" loading=\"lazy\" class=\"alignnone wp-image-506 size-medium\" src=\"http:\/\/rc-awr.at\/wp-content\/uploads\/2021\/08\/WhatsApp-Image-2021-08-05-at-11.12.58-300x139.jpeg\" alt=\"\" width=\"300\" height=\"139\" srcset=\"https:\/\/website.rc-awr.at\/wp-content\/uploads\/2021\/08\/WhatsApp-Image-2021-08-05-at-11.12.58-300x139.jpeg 300w, https:\/\/website.rc-awr.at\/wp-content\/uploads\/2021\/08\/WhatsApp-Image-2021-08-05-at-11.12.58-1024x473.jpeg 1024w, https:\/\/website.rc-awr.at\/wp-content\/uploads\/2021\/08\/WhatsApp-Image-2021-08-05-at-11.12.58-768x355.jpeg 768w, https:\/\/website.rc-awr.at\/wp-content\/uploads\/2021\/08\/WhatsApp-Image-2021-08-05-at-11.12.58-1536x709.jpeg 1536w, https:\/\/website.rc-awr.at\/wp-content\/uploads\/2021\/08\/WhatsApp-Image-2021-08-05-at-11.12.58.jpeg 1600w\" sizes=\"(max-width: 300px) 100vw, 300px\" \/><\/a><\/p>\n<p>Die einzelnen Gruppen blieben (mehr oder weniger) \u00fcber die gesamte Distanz zusammen. So musste die Entscheidung am gef\u00fcrchteten Schlussanstieg in Pf\u00f6sing herbeigef\u00fchrt werden. Bernhard hatte die besten Beine und setzte sich vor Wolfgang und Herrmann durch.<\/p>\n<p>Am Ende kamen (fast) alle trocken ins Ziel bzw. zum Ausgangspunkt, erst am Ende begann es leicht zu regnen. Leider hatte Heinz Schwierigkeiten bei der Navigation und musste das Rennen fr\u00fchzeitig aufgeben.<\/p>\n<p><a href=\"http:\/\/rc-awr.at\/wp-content\/uploads\/2021\/08\/WhatsApp-Image-2021-08-04-at-21.09.32.jpeg\"><img decoding=\"async\" loading=\"lazy\" class=\"alignnone wp-image-503 size-thumbnail\" src=\"http:\/\/rc-awr.at\/wp-content\/uploads\/2021\/08\/WhatsApp-Image-2021-08-04-at-21.09.32-150x150.jpeg\" alt=\"\" width=\"150\" height=\"150\" \/><\/a> <a href=\"http:\/\/rc-awr.at\/wp-content\/uploads\/2021\/08\/WhatsApp-Image-2021-08-04-at-21.17.13.jpeg\"><img decoding=\"async\" loading=\"lazy\" class=\"alignnone wp-image-504 size-thumbnail\" src=\"http:\/\/rc-awr.at\/wp-content\/uploads\/2021\/08\/WhatsApp-Image-2021-08-04-at-21.17.13-150x150.jpeg\" alt=\"\" width=\"150\" height=\"150\" \/><\/a><\/p>\n<p>Wir bedanken uns bei allen Teilnehmern und Helfern, die diese Veranstaltung m\u00f6glich gemacht haben.<\/p>\n<p><a href=\"http:\/\/rc-awr.at\/wp-content\/uploads\/2021\/08\/WhatsApp-Image-2021-08-04-at-21.09.31-2.jpeg\"><img decoding=\"async\" loading=\"lazy\" class=\"alignnone wp-image-500 size-thumbnail\" src=\"http:\/\/rc-awr.at\/wp-content\/uploads\/2021\/08\/WhatsApp-Image-2021-08-04-at-21.09.31-2-150x150.jpeg\" alt=\"\" width=\"150\" height=\"150\" \/><\/a> <a href=\"http:\/\/rc-awr.at\/wp-content\/uploads\/2021\/08\/WhatsApp-Image-2021-08-04-at-21.09.31.jpeg\"><img decoding=\"async\" loading=\"lazy\" class=\"alignnone wp-image-501 size-thumbnail\" src=\"http:\/\/rc-awr.at\/wp-content\/uploads\/2021\/08\/WhatsApp-Image-2021-08-04-at-21.09.31-150x150.jpeg\" alt=\"\" width=\"150\" height=\"150\" \/><\/a> <a href=\"http:\/\/rc-awr.at\/wp-content\/uploads\/2021\/08\/WhatsApp-Image-2021-08-04-at-21.09.32-1.jpeg\"><img decoding=\"async\" loading=\"lazy\" class=\"alignnone wp-image-502 size-thumbnail\" src=\"http:\/\/rc-awr.at\/wp-content\/uploads\/2021\/08\/WhatsApp-Image-2021-08-04-at-21.09.32-1-150x150.jpeg\" alt=\"\" width=\"150\" height=\"150\" \/><\/a><\/p>\n<p>&nbsp;<\/p>\n<p><strong>Das Ergebnis<\/strong><\/p>\n<div id=\"footable_parent_509\"\n         class=\" footable_parent ninja_table_wrapper loading_ninja_table wp_table_data_press_parent semantic_ui \">\n                <table data-ninja_table_instance=\"ninja_table_instance_0\" data-footable_id=\"509\" data-filter-delay=\"1000\" aria-label=\"KM21_Rennen1\"            id=\"footable_509\"\n           data-unique_identifier=\"ninja_table_unique_id_1837325292_509\"\n           class=\" foo-table ninja_footable foo_table_509 ninja_table_unique_id_1837325292_509 ui table  nt_type_ajax_table selectable striped vertical_centered  footable-paging-right\">\n                <colgroup>\n                            <col class=\"ninja_column_0 \">\n                            <col class=\"ninja_column_1 \">\n                            <col class=\"ninja_column_2 \">\n                            <col class=\"ninja_column_3 \">\n                            <col class=\"ninja_column_4 \">\n                    <\/colgroup>\n            <\/table>\n                    <style type=\"text\/css\" id='ninja_table_custom_css_509'>\n                        #footable_509  {\n        font-family: inherit;\n        font-size: 14px;\n    }\n\n#footable_509 td.ninja_column_1 { text-align: center; }#footable_509 th.ninja_column_1 { text-align: center; }#footable_509 td.ninja_column_2 { text-align: center; }#footable_509 th.ninja_column_2 { text-align: center; }#footable_509 td.ninja_column_3 { text-align: center; }#footable_509 th.ninja_column_3 { text-align: center; }#footable_509 td.ninja_column_4 { text-align: center; }#footable_509 th.ninja_column_4 { text-align: center; }                <\/style>\n                \n    \n    \n<\/div>\n\n<p>Die Gesamtwertung zur Klubmeisterschaft ist <a href=\"http:\/\/rc-awr.at\/?page_id=199\" target=\"_blank\" rel=\"noopener\">hier<\/a> nachzusehen (nur f\u00fcr Mitglieder &#8211; passwortgesch\u00fctzt).<\/p>\n","protected":false},"excerpt":{"rendered":"<p>Nachdem am urspr&uuml;nglichen Termin (1.8.21) der Wettergott kein Einsehen hatte, wurde am Mittwoch, den 4.8.2021 ein neuer Versuch gestartet. Diesmal schienen die Verh&auml;ltnisse besser zu sein, zumindest zu Beginn. Besonders<\/p>\n","protected":false},"author":1,"featured_media":503,"comment_status":"open","ping_status":"open","sticky":false,"template":"","format":"standard","meta":[],"categories":[1],"tags":[],"_links":{"self":[{"href":"https:\/\/website.rc-awr.at\/index.php?rest_route=\/wp\/v2\/posts\/499"}],"collection":[{"href":"https:\/\/website.rc-awr.at\/index.php?rest_route=\/wp\/v2\/posts"}],"about":[{"href":"https:\/\/website.rc-awr.at\/index.php?rest_route=\/wp\/v2\/types\/post"}],"author":[{"embeddable":true,"href":"https:\/\/website.rc-awr.at\/index.php?rest_route=\/wp\/v2\/users\/1"}],"replies":[{"embeddable":true,"href":"https:\/\/website.rc-awr.at\/index.php?rest_route=%2Fwp%2Fv2%2Fcomments&post=499"}],"version-history":[{"count":6,"href":"https:\/\/website.rc-awr.at\/index.php?rest_route=\/wp\/v2\/posts\/499\/revisions"}],"predecessor-version":[{"id":515,"href":"https:\/\/website.rc-awr.at\/index.php?rest_route=\/wp\/v2\/posts\/499\/revisions\/515"}],"wp:featuredmedia":[{"embeddable":true,"href":"https:\/\/website.rc-awr.at\/index.php?rest_route=\/wp\/v2\/media\/503"}],"wp:attachment":[{"href":"https:\/\/website.rc-awr.at\/index.php?rest_route=%2Fwp%2Fv2%2Fmedia&parent=499"}],"wp:term":[{"taxonomy":"category","embeddable":true,"href":"https:\/\/website.rc-awr.at\/index.php?rest_route=%2Fwp%2Fv2%2Fcategories&post=499"},{"taxonomy":"post_tag","embeddable":true,"href":"https:\/\/website.rc-awr.at\/index.php?rest_route=%2Fwp%2Fv2%2Ftags&post=499"}],"curies":[{"name":"wp","href":"https:\/\/api.w.org\/{rel}","templated":true}]}}