{"id":572,"date":"2021-10-01T22:24:17","date_gmt":"2021-10-01T20:24:17","guid":{"rendered":"http:\/\/rc-awr.at\/?p=572"},"modified":"2021-10-01T22:24:17","modified_gmt":"2021-10-01T20:24:17","slug":"kurt-honisch-gedenkrennen","status":"publish","type":"post","link":"https:\/\/website.rc-awr.at\/?p=572","title":{"rendered":"Kurt Honisch Gedenkrennen"},"content":{"rendered":"<p>Beim diesj\u00e4hrigen Kurt Honisch Gendenkrennen waren wieder einige AWR-Cracks am Start. Unser Peter Goluszka berichtet von seinem Rennen.<\/p>\n<p>Am Sonntag waren bei herrlichem Sonnenschein sieben M\u00e4nner und eine Dame aus den Klub-Reihen am Start in Altenmarkt a.d.Triesting. Es mussten in der allgemeinen Klasse 3 Runden, 2 Runden f\u00fcr die Damen und 2 Runden f\u00fcr M\u00e4nner \u00fcber 60.gefahren werden. Das<br \/>\nRennen begann ca.5km neutralisiert bei Kaumberg bogen wir rechts Richtung Sch\u00f6pfl ab, dann kam in Neuwald eine kurze aber heftige Steigung bei der ich leider den Anschluss an das Hauptfeld verlor in der anschlie\u00dfenden Abfahrt nach Altenmarkt konnte ich Josef Kubis (Schnecke) einholen und ab da fuhren wir die 2 Runden zusammen weiter, dann kam der Schlu\u00dfanstieg zum Sch\u00f6pfl wo ich das Ziel vor ihm erreichen konnte \ud83d\ude04damit wurde ich in meiner AK 3.<\/p>\n<p>Insgesamt konnte der Klub folgende Ergebnisse einfahren &#8230;<\/p>\n<p>Bernhard Artenja, Gesamt 7. AK 2.<\/p>\n<p>Niki Szava, Gesamt 8., AK 3.<\/p>\n<p>Christian Staber, Gesamt 26., AK 5.<\/p>\n<p>Georg Schimanko, Gesamt 27., AK 9.<\/p>\n<p>Kostas Bouzas, Gesamt 30., AK 10.<\/p>\n<p>Anna Zsigo, Gesamt 11., AK 2.<\/p>\n<p>Peter Goluszka, Gesamt 7., AK 3.<\/p>\n<p>Wir gratulieren herzlich!!!<\/p>\n<p><a href=\"http:\/\/rc-awr.at\/wp-content\/uploads\/2021\/10\/WhatsApp-Image-2021-09-26-at-12.25.53.jpeg\"><img decoding=\"async\" loading=\"lazy\" class=\"alignnone wp-image-573 size-thumbnail\" src=\"http:\/\/rc-awr.at\/wp-content\/uploads\/2021\/10\/WhatsApp-Image-2021-09-26-at-12.25.53-150x150.jpeg\" alt=\"\" width=\"150\" height=\"150\" \/><\/a> <a href=\"http:\/\/rc-awr.at\/wp-content\/uploads\/2021\/10\/WhatsApp-Image-2021-09-26-at-12.28.27.jpeg\"><img decoding=\"async\" loading=\"lazy\" class=\"alignnone wp-image-574 size-thumbnail\" src=\"http:\/\/rc-awr.at\/wp-content\/uploads\/2021\/10\/WhatsApp-Image-2021-09-26-at-12.28.27-150x150.jpeg\" alt=\"\" width=\"150\" height=\"150\" \/><\/a> <a href=\"http:\/\/rc-awr.at\/wp-content\/uploads\/2021\/10\/WhatsApp-Image-2021-09-26-at-13.01.35.jpeg\"><img decoding=\"async\" loading=\"lazy\" class=\"alignnone wp-image-575 size-thumbnail\" src=\"http:\/\/rc-awr.at\/wp-content\/uploads\/2021\/10\/WhatsApp-Image-2021-09-26-at-13.01.35-150x150.jpeg\" alt=\"\" width=\"150\" height=\"150\" \/><\/a> <a href=\"http:\/\/rc-awr.at\/wp-content\/uploads\/2021\/10\/WhatsApp-Image-2021-09-26-at-13.08.30.jpeg\"><img decoding=\"async\" loading=\"lazy\" class=\"alignnone wp-image-576 size-thumbnail\" src=\"http:\/\/rc-awr.at\/wp-content\/uploads\/2021\/10\/WhatsApp-Image-2021-09-26-at-13.08.30-150x150.jpeg\" alt=\"\" width=\"150\" height=\"150\" \/><\/a> <a href=\"http:\/\/rc-awr.at\/wp-content\/uploads\/2021\/10\/WhatsApp-Image-2021-09-26-at-13.09.24.jpeg\"><img decoding=\"async\" loading=\"lazy\" class=\"alignnone wp-image-577 size-thumbnail\" src=\"http:\/\/rc-awr.at\/wp-content\/uploads\/2021\/10\/WhatsApp-Image-2021-09-26-at-13.09.24-150x150.jpeg\" alt=\"\" width=\"150\" height=\"150\" \/><\/a> <a href=\"http:\/\/rc-awr.at\/wp-content\/uploads\/2021\/10\/WhatsApp-Image-2021-09-26-at-13.11.23.jpeg\"><img decoding=\"async\" loading=\"lazy\" class=\"alignnone wp-image-578 size-thumbnail\" src=\"http:\/\/rc-awr.at\/wp-content\/uploads\/2021\/10\/WhatsApp-Image-2021-09-26-at-13.11.23-150x150.jpeg\" alt=\"\" width=\"150\" height=\"150\" \/><\/a> <a href=\"http:\/\/rc-awr.at\/wp-content\/uploads\/2021\/10\/WhatsApp-Image-2021-09-26-at-13.12.18.jpeg\"><img decoding=\"async\" loading=\"lazy\" class=\"alignnone wp-image-579 size-thumbnail\" src=\"http:\/\/rc-awr.at\/wp-content\/uploads\/2021\/10\/WhatsApp-Image-2021-09-26-at-13.12.18-150x150.jpeg\" alt=\"\" width=\"150\" height=\"150\" \/><\/a> <a href=\"http:\/\/rc-awr.at\/wp-content\/uploads\/2021\/10\/WhatsApp-Image-2021-09-28-at-13.58.00.jpeg\"><img decoding=\"async\" loading=\"lazy\" class=\"alignnone wp-image-580 size-thumbnail\" src=\"http:\/\/rc-awr.at\/wp-content\/uploads\/2021\/10\/WhatsApp-Image-2021-09-28-at-13.58.00-150x150.jpeg\" alt=\"\" width=\"150\" height=\"150\" \/><\/a><\/p>\n","protected":false},"excerpt":{"rendered":"<p>Beim diesj&auml;hrigen Kurt Honisch Gendenkrennen waren wieder einige AWR-Cracks am Start. Unser Peter Goluszka berichtet von seinem Rennen. Am Sonntag waren bei herrlichem Sonnenschein sieben M&auml;nner und eine Dame aus<\/p>\n","protected":false},"author":1,"featured_media":576,"comment_status":"open","ping_status":"open","sticky":false,"template":"","format":"standard","meta":[],"categories":[1],"tags":[],"_links":{"self":[{"href":"https:\/\/website.rc-awr.at\/index.php?rest_route=\/wp\/v2\/posts\/572"}],"collection":[{"href":"https:\/\/website.rc-awr.at\/index.php?rest_route=\/wp\/v2\/posts"}],"about":[{"href":"https:\/\/website.rc-awr.at\/index.php?rest_route=\/wp\/v2\/types\/post"}],"author":[{"embeddable":true,"href":"https:\/\/website.rc-awr.at\/index.php?rest_route=\/wp\/v2\/users\/1"}],"replies":[{"embeddable":true,"href":"https:\/\/website.rc-awr.at\/index.php?rest_route=%2Fwp%2Fv2%2Fcomments&post=572"}],"version-history":[{"count":1,"href":"https:\/\/website.rc-awr.at\/index.php?rest_route=\/wp\/v2\/posts\/572\/revisions"}],"predecessor-version":[{"id":581,"href":"https:\/\/website.rc-awr.at\/index.php?rest_route=\/wp\/v2\/posts\/572\/revisions\/581"}],"wp:featuredmedia":[{"embeddable":true,"href":"https:\/\/website.rc-awr.at\/index.php?rest_route=\/wp\/v2\/media\/576"}],"wp:attachment":[{"href":"https:\/\/website.rc-awr.at\/index.php?rest_route=%2Fwp%2Fv2%2Fmedia&parent=572"}],"wp:term":[{"taxonomy":"category","embeddable":true,"href":"https:\/\/website.rc-awr.at\/index.php?rest_route=%2Fwp%2Fv2%2Fcategories&post=572"},{"taxonomy":"post_tag","embeddable":true,"href":"https:\/\/website.rc-awr.at\/index.php?rest_route=%2Fwp%2Fv2%2Ftags&post=572"}],"curies":[{"name":"wp","href":"https:\/\/api.w.org\/{rel}","templated":true}]}}