{"id":588,"date":"2021-10-01T22:51:16","date_gmt":"2021-10-01T20:51:16","guid":{"rendered":"http:\/\/rc-awr.at\/?p=588"},"modified":"2021-10-01T22:51:16","modified_gmt":"2021-10-01T20:51:16","slug":"kotl-2021","status":"publish","type":"post","link":"https:\/\/website.rc-awr.at\/?p=588","title":{"rendered":"KOTL 2021"},"content":{"rendered":"<p>Auch 2021 waren wir wieder zahlreich beim KOTL als Einzelstarter und in der Mannschaft vertreten. Insgesamt waren 30(!) AWR Starter in Sch\u00f6rfling vertreten (inkl. einem Gastfahrer). Richard hat das Rennen aus der Sicht des 4-er Mixed-Teams geschildert.<\/p>\n<p>Da ich heuer nicht operieren gehen kann, weil der Bruch noch nicht verheilt ist, hatte ich doch Zeit im Herbst noch Rennen zu fahren. Da hat sich der King of the Lake angeboten, die Mannschaft zu unterst\u00fctzen. Da ich unser schnelles M\u00e4del die Cili gut kenne, wurde ich gebeten mit ihr zu fahren. Daher hat es dann etwas Unstimmigkeiten bei der Bekanntgabe der Mannschaften gegeben. Denke aber es hat f\u00fcr alle gepasst und die Leistungen waren wieder echt toll.<\/p>\n<p>Wir haben als Mixed Team genannt und eine gute Mannschaft gefunden. Mit Cili, Niki, Schrehof Martin (als Gast) und mir. Eine Woche vor dem Rennen hat Martin noch einen Einzelstartplatz bekommen und wir haben gemeinsam beschlossen hier nicht im Weg zu stehen. Also haben wir uns noch um Ersatz umgeschaut und in Gefried Eder einen guten gefunden.<br \/>\nZum Rennen: 47km abgesperrte Strecke. Ein Traum. Rund um den Attersee, eine echt sch\u00f6ne Landschaft, die man leider nicht sieht, denn mehr als den Vordermann, oder die Stra\u00dfe vor sich sieht man da nicht.<br \/>\nWir hatten gegen Mittag den Start. Die Mannschaft die vor uns starten solle, hat ihren Start verpasst.. tja und dann irgendwie doch noch so halb dazu gekommen. Bissl Chaos, aber wir haben unser Ding durchgezogen und sind gut ins Rennen gestartet. Die Taktik die wir uns ausgemacht haben, hat super funktioniert. Daheim haben sie \u00fcber Livetiming mitgefiebert, da wir bei den Zwischenzeiten Rang 2 oder 3 belegt hatten.<br \/>\nAm anderen Ende vom See haben die H\u00fcgel angefangen. Da sind wir aber super dr\u00fcber gekommen und haben angefangen einige Mannschaften einzuholen. Gegen 2\/3 haben wir leichte Probleme bekommen. Klar man war schon 45min Vollgas unterwegs, man merkte die Wechsel sind nicht mehr so fl\u00fcssig und alles wird irgendwie schwerer.<br \/>\nNiki hat in der Situation Verantwortung \u00fcbernommen und hat die Mannschaft super gef\u00fchrt. Am Schluss die letzten paar H\u00fcgel haben wir voll genommen, hat aber leider nicht gereicht, wie man sich auf den Auswertungen angesehen hat. Wir haben gegen Ende auf die anderen Mannschaften verloren und die Position am Podest hergegeben.<br \/>\nMit Platz 5 und einer Zeit von 1 Stunde 5 Minuten kann man aber echt zufrieden sein. Die Platzierung st\u00f6rt hat ein bissl. Aber auf 47km einen 43,5er Schnitt darf man schon herzeigen. Unser M\u00e4del hat noch im Sommer bei 43km\/h Probleme bekommen, jetzt ist sie das Schnitt auf einer Stunde gefahren mit H\u00fcgel. Echt toll was da weiter gegangen ist. Niki hat sich nach letztem Jahr auch massiv gesteigert, da merkt man auch das konsequente Training.<br \/>\nDanke nochmal an Gefried, dass er uns unterst\u00fctzt hat.<\/p>\n<p><a href=\"http:\/\/rc-awr.at\/wp-content\/uploads\/2021\/10\/WhatsApp-Image-2021-09-18-at-14.30.00.jpeg\"><img decoding=\"async\" loading=\"lazy\" class=\"alignnone wp-image-589 size-thumbnail\" src=\"http:\/\/rc-awr.at\/wp-content\/uploads\/2021\/10\/WhatsApp-Image-2021-09-18-at-14.30.00-150x150.jpeg\" alt=\"\" width=\"150\" height=\"150\" \/><\/a> <a href=\"http:\/\/rc-awr.at\/wp-content\/uploads\/2021\/10\/WhatsApp-Image-2021-09-18-at-14.30.01.jpeg\"><img decoding=\"async\" loading=\"lazy\" class=\"alignnone wp-image-590 size-thumbnail\" src=\"http:\/\/rc-awr.at\/wp-content\/uploads\/2021\/10\/WhatsApp-Image-2021-09-18-at-14.30.01-150x150.jpeg\" alt=\"\" width=\"150\" height=\"150\" \/><\/a> <a href=\"http:\/\/rc-awr.at\/wp-content\/uploads\/2021\/10\/WhatsApp-Image-2021-09-18-at-18.06.38.jpeg\"><img decoding=\"async\" loading=\"lazy\" class=\"alignnone wp-image-591 size-thumbnail\" src=\"http:\/\/rc-awr.at\/wp-content\/uploads\/2021\/10\/WhatsApp-Image-2021-09-18-at-18.06.38-150x150.jpeg\" alt=\"\" width=\"150\" height=\"150\" \/><\/a> <a href=\"http:\/\/rc-awr.at\/wp-content\/uploads\/2021\/10\/WhatsApp-Image-2021-09-18-at-18.06.48.jpeg\"><img decoding=\"async\" loading=\"lazy\" class=\"alignnone wp-image-592 size-thumbnail\" src=\"http:\/\/rc-awr.at\/wp-content\/uploads\/2021\/10\/WhatsApp-Image-2021-09-18-at-18.06.48-150x150.jpeg\" alt=\"\" width=\"150\" height=\"150\" \/><\/a> <a href=\"http:\/\/rc-awr.at\/wp-content\/uploads\/2021\/10\/WhatsApp-Image-2021-09-27-at-08.45.04.jpeg\"><img decoding=\"async\" loading=\"lazy\" class=\"alignnone wp-image-593 size-thumbnail\" src=\"http:\/\/rc-awr.at\/wp-content\/uploads\/2021\/10\/WhatsApp-Image-2021-09-27-at-08.45.04-150x150.jpeg\" alt=\"\" width=\"150\" height=\"150\" \/><\/a><\/p>\n<p>Die AWR-Platzierungen im Detail &#8230;<\/p>\n<p>Eva Hipfinger \/ Rang 6<\/p>\n<p>Peter Gr\u00fcnzweig \/ Rang 15<\/p>\n<p>4er-Herren 160+ \/ Rang 6<\/p>\n<p>4er-Mixed \/ Rang 5<\/p>\n<p>10er-Team \/ Rang 12<\/p>\n","protected":false},"excerpt":{"rendered":"<p>Auch 2021 waren wir wieder zahlreich beim KOTL als Einzelstarter und in der Mannschaft vertreten. Insgesamt waren 30(!) AWR Starter in Sch&ouml;rfling vertreten (inkl. einem Gastfahrer). Richard hat das Rennen<\/p>\n","protected":false},"author":1,"featured_media":592,"comment_status":"open","ping_status":"open","sticky":false,"template":"","format":"standard","meta":[],"categories":[1],"tags":[],"_links":{"self":[{"href":"https:\/\/website.rc-awr.at\/index.php?rest_route=\/wp\/v2\/posts\/588"}],"collection":[{"href":"https:\/\/website.rc-awr.at\/index.php?rest_route=\/wp\/v2\/posts"}],"about":[{"href":"https:\/\/website.rc-awr.at\/index.php?rest_route=\/wp\/v2\/types\/post"}],"author":[{"embeddable":true,"href":"https:\/\/website.rc-awr.at\/index.php?rest_route=\/wp\/v2\/users\/1"}],"replies":[{"embeddable":true,"href":"https:\/\/website.rc-awr.at\/index.php?rest_route=%2Fwp%2Fv2%2Fcomments&post=588"}],"version-history":[{"count":2,"href":"https:\/\/website.rc-awr.at\/index.php?rest_route=\/wp\/v2\/posts\/588\/revisions"}],"predecessor-version":[{"id":688,"href":"https:\/\/website.rc-awr.at\/index.php?rest_route=\/wp\/v2\/posts\/588\/revisions\/688"}],"wp:featuredmedia":[{"embeddable":true,"href":"https:\/\/website.rc-awr.at\/index.php?rest_route=\/wp\/v2\/media\/592"}],"wp:attachment":[{"href":"https:\/\/website.rc-awr.at\/index.php?rest_route=%2Fwp%2Fv2%2Fmedia&parent=588"}],"wp:term":[{"taxonomy":"category","embeddable":true,"href":"https:\/\/website.rc-awr.at\/index.php?rest_route=%2Fwp%2Fv2%2Fcategories&post=588"},{"taxonomy":"post_tag","embeddable":true,"href":"https:\/\/website.rc-awr.at\/index.php?rest_route=%2Fwp%2Fv2%2Ftags&post=588"}],"curies":[{"name":"wp","href":"https:\/\/api.w.org\/{rel}","templated":true}]}}