{"id":595,"date":"2021-10-12T01:19:47","date_gmt":"2021-10-11T23:19:47","guid":{"rendered":"http:\/\/rc-awr.at\/?p=595"},"modified":"2021-10-12T01:19:47","modified_gmt":"2021-10-11T23:19:47","slug":"missgeschick-und-adrenalin-pur-ezf-weichstetten-am-6-9-2021","status":"publish","type":"post","link":"https:\/\/website.rc-awr.at\/?p=595","title":{"rendered":"Missgeschick und Adrenalin pur &#8211; EZF Weichstetten am 6.9.2021"},"content":{"rendered":"<p>Peter machte sich auf den Weg nach Weichstetten und kann etwas berichten &#8230;<\/p>\n<p>Das \u00f6rtliche Feuerwehrfest zwang den Veranstalter zur Verk\u00fcrzung der Rennstrecke und Verlegung des Startes ans Ortsende. Daf\u00fcr gab\u00b4s hochprozentige lautstarke Unterst\u00fctzung vom feiernden Publikum. Wie bestellt wurde mir bei der Anfahrt zum Start von der Musikkapelle ein (der?!) Marsch geblasen \ud83d\ude0a .<br \/>\nVoll motiviert katapultierte ich mich aus dem Starthaus und st\u00fcrzte mich in die bald folgende Abfahrt. Im Geschwindigkeitsrausch mit \u00fcber 70km\/h \u00fcbersah ich einen Abbiegepfeil (obwohl ich die Strecke kannte!), war daher viel zu schnell unterwegs und bis der Streckenposten reagierte, war ich schon vorbei. Was dann folgte, war Harakiri am Zeitfahrrad: voller Adrenalin in die Eisen \u2013 Kehrtwende &#8211; krachend von Kette rechts weggeschalten &#8211; das Sch\u2026..wort lautstark bedient und mit noch mehr Adrenalin (und Wut im Bauch) weiter in die richtige Richtung. Ab diesem Zeitpunkt gab\u00b4s nur mehr eines: Treten, treten und nochmals treten. Den angepeilten Stockerlplatz hatte ich abgeschrieben. Mein Mantra lautete ab nun frei nach Jens Voigts Buchtitel: MAN MUSS K\u00c4MPFEN.<br \/>\nSo verflogen die 20,1km mit den welligen 150hm bis zum Schlussanstieg, bei dem ich nochmals alles und mehr mobilisierte.<br \/>\nZu meiner \u00dcberraschung konnte ich den 3.Platz gerade noch mit 4 Sek. vor dem Viertplatzierten retten, was mich angesichts des starken Teilnehmerfeldes in der AK60+ besonders freute.<br \/>\nJens Voigt hat mit seinem \u201eniemals aufgeben\u201c wieder mal recht gehabt.<\/p>\n<p><a href=\"http:\/\/rc-awr.at\/wp-content\/uploads\/2021\/10\/Weichstetten-2021-2.jpg\"><img decoding=\"async\" loading=\"lazy\" class=\"alignnone wp-image-596 size-thumbnail\" src=\"http:\/\/rc-awr.at\/wp-content\/uploads\/2021\/10\/Weichstetten-2021-2-150x150.jpg\" alt=\"\" width=\"150\" height=\"150\" \/><\/a> <a href=\"http:\/\/rc-awr.at\/wp-content\/uploads\/2021\/10\/Weichstetten-2021-3.jpg\"><img decoding=\"async\" loading=\"lazy\" class=\"alignnone wp-image-597 size-thumbnail\" src=\"http:\/\/rc-awr.at\/wp-content\/uploads\/2021\/10\/Weichstetten-2021-3-150x150.jpg\" alt=\"\" width=\"150\" height=\"150\" \/><\/a> <a href=\"http:\/\/rc-awr.at\/wp-content\/uploads\/2021\/10\/Weichstetten-2021-1.jpg\"><img decoding=\"async\" loading=\"lazy\" class=\"alignnone wp-image-598 size-thumbnail\" src=\"http:\/\/rc-awr.at\/wp-content\/uploads\/2021\/10\/Weichstetten-2021-1-150x150.jpg\" alt=\"\" width=\"150\" height=\"150\" \/><\/a><\/p>\n<p>Zur Veranstaltung: Der ESV Linz pr\u00e4sentierte sich wie immer als sympathischer und professioneller Veranstalter. Die Startliste war mit 120 Fahrerinnen und Fahrern bald ausgebucht und die Minutenstartintervalle lassen kaum Windschattenfahren zu. Eines meiner Lieblingszeitfahren!<\/p>\n","protected":false},"excerpt":{"rendered":"<p>Peter machte sich auf den Weg nach Weichstetten und kann etwas berichten &hellip; Das &ouml;rtliche Feuerwehrfest zwang den Veranstalter zur Verk&uuml;rzung der Rennstrecke und Verlegung des Startes ans Ortsende. Daf&uuml;r<\/p>\n","protected":false},"author":1,"featured_media":596,"comment_status":"open","ping_status":"open","sticky":false,"template":"","format":"standard","meta":[],"categories":[1],"tags":[],"_links":{"self":[{"href":"https:\/\/website.rc-awr.at\/index.php?rest_route=\/wp\/v2\/posts\/595"}],"collection":[{"href":"https:\/\/website.rc-awr.at\/index.php?rest_route=\/wp\/v2\/posts"}],"about":[{"href":"https:\/\/website.rc-awr.at\/index.php?rest_route=\/wp\/v2\/types\/post"}],"author":[{"embeddable":true,"href":"https:\/\/website.rc-awr.at\/index.php?rest_route=\/wp\/v2\/users\/1"}],"replies":[{"embeddable":true,"href":"https:\/\/website.rc-awr.at\/index.php?rest_route=%2Fwp%2Fv2%2Fcomments&post=595"}],"version-history":[{"count":1,"href":"https:\/\/website.rc-awr.at\/index.php?rest_route=\/wp\/v2\/posts\/595\/revisions"}],"predecessor-version":[{"id":599,"href":"https:\/\/website.rc-awr.at\/index.php?rest_route=\/wp\/v2\/posts\/595\/revisions\/599"}],"wp:featuredmedia":[{"embeddable":true,"href":"https:\/\/website.rc-awr.at\/index.php?rest_route=\/wp\/v2\/media\/596"}],"wp:attachment":[{"href":"https:\/\/website.rc-awr.at\/index.php?rest_route=%2Fwp%2Fv2%2Fmedia&parent=595"}],"wp:term":[{"taxonomy":"category","embeddable":true,"href":"https:\/\/website.rc-awr.at\/index.php?rest_route=%2Fwp%2Fv2%2Fcategories&post=595"},{"taxonomy":"post_tag","embeddable":true,"href":"https:\/\/website.rc-awr.at\/index.php?rest_route=%2Fwp%2Fv2%2Ftags&post=595"}],"curies":[{"name":"wp","href":"https:\/\/api.w.org\/{rel}","templated":true}]}}