{"id":600,"date":"2021-10-12T01:36:39","date_gmt":"2021-10-11T23:36:39","guid":{"rendered":"http:\/\/rc-awr.at\/?p=600"},"modified":"2021-10-12T01:36:39","modified_gmt":"2021-10-11T23:36:39","slug":"rovereto-trentino-gardasee-im-september-2021","status":"publish","type":"post","link":"https:\/\/website.rc-awr.at\/?p=600","title":{"rendered":"Rovereto \/ Trentino \/ Gardasee im September 2021"},"content":{"rendered":"<p>Peter hatte Gelegenheit, seine Herbstform in wunderbarer Umgebung aufzubauen und liefert uns Details und wunderbare Bilder:<\/p>\n<p>Autokolonnen von Urlaubern lassen auf ihrem Weg zum Gardasee das ganze Jahr \u00fcber das kleine Provinzst\u00e4dtchen Rovereto meist links liegen. Zum Gl\u00fcck f\u00fcr uns Radfahrer, denn dadurch bleiben die Stra\u00dfen im Hinterland vom motorisierten Verkehr weitgehend verschont (also bitte nicht weitersagen!).<br \/>\n6 M\u00e4nner und 2 Frauen aus 4 Nationen quartierten sich in einem famili\u00e4r gef\u00fchrten Hotel im Zentrum von Rovereto ein zum Zwecke des t\u00e4glichen mehrst\u00fcndigen Radfahrens, Essens, Schlafens und \u00fcberregionalen Gedankenaustausches.<br \/>\nZwei Guides aus der italienischen Rennszene mit zahlreichen Erfolgen in den Masterkategorien forderten uns immer wieder aufs Neue mit interessanten Anstiegen unterschiedlicher Kategorien.<br \/>\nTraditionellerweise dient der erste Tag am Rad dem Beschnuppern der Teilnehmer. Wobei eher nicht der Geruchssinn strapaziert wird, sondern viel mehr, um die Leistungsst\u00e4rke der anderen und sich selbst einzuordnen. Das f\u00f6rdert den gesunden Ehrgeiz und motiviert, hin und wieder ans Limit zu gehen. Aber alles verlief in entspannter Atmosph\u00e4re nach dem Motto, wer schneller oben ist hat mehr Zeit zum Erholen.<\/p>\n<p><a href=\"http:\/\/rc-awr.at\/wp-content\/uploads\/2021\/10\/01-Piazza-Rosmini-scaled.jpg\"><img decoding=\"async\" loading=\"lazy\" class=\"alignnone wp-image-601 size-thumbnail\" src=\"http:\/\/rc-awr.at\/wp-content\/uploads\/2021\/10\/01-Piazza-Rosmini-150x150.jpg\" alt=\"\" width=\"150\" height=\"150\" \/><\/a> <a href=\"http:\/\/rc-awr.at\/wp-content\/uploads\/2021\/10\/02-Monte-Baldo-Hoehenstrasse-zum-Gardasee-scaled.jpg\"><img decoding=\"async\" loading=\"lazy\" class=\"alignnone wp-image-602 size-thumbnail\" src=\"http:\/\/rc-awr.at\/wp-content\/uploads\/2021\/10\/02-Monte-Baldo-Hoehenstrasse-zum-Gardasee-150x150.jpg\" alt=\"\" width=\"150\" height=\"150\" \/><\/a> <a href=\"http:\/\/rc-awr.at\/wp-content\/uploads\/2021\/10\/03-Passo-Borcola-1250m-scaled.jpg\"><img decoding=\"async\" loading=\"lazy\" class=\"alignnone wp-image-603 size-thumbnail\" src=\"http:\/\/rc-awr.at\/wp-content\/uploads\/2021\/10\/03-Passo-Borcola-1250m-150x150.jpg\" alt=\"\" width=\"150\" height=\"150\" \/><\/a> <a href=\"http:\/\/rc-awr.at\/wp-content\/uploads\/2021\/10\/04-Gardasee-von-Torbole-scaled.jpg\"><img decoding=\"async\" loading=\"lazy\" class=\"alignnone wp-image-604 size-thumbnail\" src=\"http:\/\/rc-awr.at\/wp-content\/uploads\/2021\/10\/04-Gardasee-von-Torbole-150x150.jpg\" alt=\"\" width=\"150\" height=\"150\" \/><\/a> <a href=\"http:\/\/rc-awr.at\/wp-content\/uploads\/2021\/10\/05-Passo-Ballino-750m.jpg\"><img decoding=\"async\" loading=\"lazy\" class=\"alignnone wp-image-605 size-thumbnail\" src=\"http:\/\/rc-awr.at\/wp-content\/uploads\/2021\/10\/05-Passo-Ballino-750m-150x150.jpg\" alt=\"\" width=\"150\" height=\"150\" \/><\/a> <a href=\"http:\/\/rc-awr.at\/wp-content\/uploads\/2021\/10\/06-Lago-di-Tenno.jpg\"><img decoding=\"async\" loading=\"lazy\" class=\"alignnone wp-image-606 size-thumbnail\" src=\"http:\/\/rc-awr.at\/wp-content\/uploads\/2021\/10\/06-Lago-di-Tenno-150x150.jpg\" alt=\"\" width=\"150\" height=\"150\" \/><\/a> <a href=\"http:\/\/rc-awr.at\/wp-content\/uploads\/2021\/10\/07-Sarcaschlucht-scaled.jpg\"><img decoding=\"async\" loading=\"lazy\" class=\"alignnone wp-image-607 size-thumbnail\" src=\"http:\/\/rc-awr.at\/wp-content\/uploads\/2021\/10\/07-Sarcaschlucht-150x150.jpg\" alt=\"\" width=\"150\" height=\"150\" \/><\/a> <a href=\"http:\/\/rc-awr.at\/wp-content\/uploads\/2021\/10\/08-Monte-Bondone-2180m-scaled.jpg\"><img decoding=\"async\" loading=\"lazy\" class=\"alignnone wp-image-608 size-thumbnail\" src=\"http:\/\/rc-awr.at\/wp-content\/uploads\/2021\/10\/08-Monte-Bondone-2180m-150x150.jpg\" alt=\"\" width=\"150\" height=\"150\" \/><\/a> <a href=\"http:\/\/rc-awr.at\/wp-content\/uploads\/2021\/10\/09-Monte-Bondone-zur-Brenta-scaled.jpg\"><img decoding=\"async\" loading=\"lazy\" class=\"alignnone wp-image-609 size-thumbnail\" src=\"http:\/\/rc-awr.at\/wp-content\/uploads\/2021\/10\/09-Monte-Bondone-zur-Brenta-150x150.jpg\" alt=\"\" width=\"150\" height=\"150\" \/><\/a> <a href=\"http:\/\/rc-awr.at\/wp-content\/uploads\/2021\/10\/10-Garniga-Terme-scaled.jpg\"><img decoding=\"async\" loading=\"lazy\" class=\"alignnone wp-image-610 size-thumbnail\" src=\"http:\/\/rc-awr.at\/wp-content\/uploads\/2021\/10\/10-Garniga-Terme-150x150.jpg\" alt=\"\" width=\"150\" height=\"150\" \/><\/a> <a href=\"http:\/\/rc-awr.at\/wp-content\/uploads\/2021\/10\/11-Abfahrt-Passo-Bordala-ueber-Gueterwege-scaled.jpg\"><img decoding=\"async\" loading=\"lazy\" class=\"alignnone wp-image-611 size-thumbnail\" src=\"http:\/\/rc-awr.at\/wp-content\/uploads\/2021\/10\/11-Abfahrt-Passo-Bordala-ueber-Gueterwege-150x150.jpg\" alt=\"\" width=\"150\" height=\"150\" \/><\/a> <a href=\"http:\/\/rc-awr.at\/wp-content\/uploads\/2021\/10\/12-Passo-Fittanze-1393m.jpg\"><img decoding=\"async\" loading=\"lazy\" class=\"alignnone wp-image-612 size-thumbnail\" src=\"http:\/\/rc-awr.at\/wp-content\/uploads\/2021\/10\/12-Passo-Fittanze-1393m-150x150.jpg\" alt=\"\" width=\"150\" height=\"150\" \/><\/a> <a href=\"http:\/\/rc-awr.at\/wp-content\/uploads\/2021\/10\/13-Passo-Fittanze-Kriegerdenkmal-1.Weltkrieg-scaled.jpg\"><img decoding=\"async\" loading=\"lazy\" class=\"alignnone wp-image-613 size-thumbnail\" src=\"http:\/\/rc-awr.at\/wp-content\/uploads\/2021\/10\/13-Passo-Fittanze-Kriegerdenkmal-1.Weltkrieg-150x150.jpg\" alt=\"\" width=\"150\" height=\"150\" \/><\/a> <a href=\"http:\/\/rc-awr.at\/wp-content\/uploads\/2021\/10\/14-Abfahrt-Passo-Fittanze.jpg\"><img decoding=\"async\" loading=\"lazy\" class=\"alignnone wp-image-614 size-thumbnail\" src=\"http:\/\/rc-awr.at\/wp-content\/uploads\/2021\/10\/14-Abfahrt-Passo-Fittanze-150x150.jpg\" alt=\"\" width=\"150\" height=\"150\" \/><\/a><\/p>\n<p>F\u00fcr meine Formentwicklung zu den Herbstrennen hin sind solche Kraftausdauereinheiten mit gelegentlichen Positionsk\u00e4mpfen immens wichtig. Noch dazu in attraktiven Landschaften, die das Radtraining kurzweilig gestalten.<br \/>\nEs blieb auch Zeit f\u00fcr Fotos, die ich euch gerne zeigen m\u00f6chte.<\/p>\n","protected":false},"excerpt":{"rendered":"<p>Peter hatte Gelegenheit, seine Herbstform in wunderbarer Umgebung aufzubauen und liefert uns Details und wunderbare Bilder: Autokolonnen von Urlaubern lassen auf ihrem Weg zum Gardasee das ganze Jahr &uuml;ber das<\/p>\n","protected":false},"author":1,"featured_media":603,"comment_status":"open","ping_status":"open","sticky":false,"template":"","format":"standard","meta":[],"categories":[1],"tags":[],"_links":{"self":[{"href":"https:\/\/website.rc-awr.at\/index.php?rest_route=\/wp\/v2\/posts\/600"}],"collection":[{"href":"https:\/\/website.rc-awr.at\/index.php?rest_route=\/wp\/v2\/posts"}],"about":[{"href":"https:\/\/website.rc-awr.at\/index.php?rest_route=\/wp\/v2\/types\/post"}],"author":[{"embeddable":true,"href":"https:\/\/website.rc-awr.at\/index.php?rest_route=\/wp\/v2\/users\/1"}],"replies":[{"embeddable":true,"href":"https:\/\/website.rc-awr.at\/index.php?rest_route=%2Fwp%2Fv2%2Fcomments&post=600"}],"version-history":[{"count":1,"href":"https:\/\/website.rc-awr.at\/index.php?rest_route=\/wp\/v2\/posts\/600\/revisions"}],"predecessor-version":[{"id":615,"href":"https:\/\/website.rc-awr.at\/index.php?rest_route=\/wp\/v2\/posts\/600\/revisions\/615"}],"wp:featuredmedia":[{"embeddable":true,"href":"https:\/\/website.rc-awr.at\/index.php?rest_route=\/wp\/v2\/media\/603"}],"wp:attachment":[{"href":"https:\/\/website.rc-awr.at\/index.php?rest_route=%2Fwp%2Fv2%2Fmedia&parent=600"}],"wp:term":[{"taxonomy":"category","embeddable":true,"href":"https:\/\/website.rc-awr.at\/index.php?rest_route=%2Fwp%2Fv2%2Fcategories&post=600"},{"taxonomy":"post_tag","embeddable":true,"href":"https:\/\/website.rc-awr.at\/index.php?rest_route=%2Fwp%2Fv2%2Ftags&post=600"}],"curies":[{"name":"wp","href":"https:\/\/api.w.org\/{rel}","templated":true}]}}