{"id":616,"date":"2021-10-12T01:44:44","date_gmt":"2021-10-11T23:44:44","guid":{"rendered":"http:\/\/rc-awr.at\/?p=616"},"modified":"2021-10-12T01:44:44","modified_gmt":"2021-10-11T23:44:44","slug":"einzel-und-paarzeitfahren-in-moerbisch","status":"publish","type":"post","link":"https:\/\/website.rc-awr.at\/?p=616","title":{"rendered":"Einzel- und Paarzeitfahren in M\u00f6rbisch"},"content":{"rendered":"<p>Richard fasst die Ereignisse beim Einzel- und Paarzeitfahren in M\u00f6rbisch zusammen:<\/p>\n<p>Nachdem heuer wieder eine Meisterschaft im Paarzeitfahren f\u00fcr die Klassen Amateure, Master 1-3 und 4-6ausgerichtet wurde, ich aber keinen Partner hatte, habe ich mich umgesehen und ein paar Freunde angefragt. F\u00fcndig geworden bin ich bei Martin Fassl, der \u00e4hnliches Niveau wie ich hat, daher auch gut passt hat.<br \/>\nDie Strecke heuer in M\u00f6rbisch am klassischen Kurs, der jedoch im letzten Drittel abge\u00e4ndert wurde und nun 26 km aufwies. Wir sind gut in das Rennen hinein gestartet, der erste H\u00fcgel mit 100hm hatte es schon in sich. Wir haben uns das etwas eingeteilt um uns nicht dort sofort komplett abzuschie\u00dfen. Das enge Waldst\u00fcck bergab mit teilweise 60km\/h immer wieder ein Erlebnis. Unten rechts auf die Hauptstra\u00dfe nach Margareten. Kurz danach links auf den neuen Teil. Bis dahin haben wir gut harmoniert. An dem sollte sich auch nichts \u00e4ndern. Den letzten Anstieg haben wir gut absolviert, aber vom Gef\u00fchl leider zu langsam. Mehr ging einfach nicht. Bergab mit 3 gef\u00e4hrlichen Kurven optimal erwischt und die letzten 3km wirklich am Anschlag heim.<br \/>\nDas hat den 5. Platz bei der \u00d6M und den 2. In der Landesmeisterschaft ergeben.<\/p>\n<p>Nach uns dann Cili mit ihrer Partnerin Roswitha Krenn. Was soll man da noch sagen, Wer mit Cili f\u00e4hrt in der Masterklasse hat ordentlich zu leiden, aber steht dann sicher am Podest. So war es auch und sie hat mit ihrer Partnerin den n\u00e4chsten \u00d6sterreichischen Meistertitel errungen.<\/p>\n<p><a href=\"http:\/\/rc-awr.at\/wp-content\/uploads\/2021\/10\/Kmety_WhatsApp-Image-2021-10-05-at-06.19.20.jpeg\"><img decoding=\"async\" loading=\"lazy\" class=\"alignnone wp-image-617 size-thumbnail\" src=\"http:\/\/rc-awr.at\/wp-content\/uploads\/2021\/10\/Kmety_WhatsApp-Image-2021-10-05-at-06.19.20-150x150.jpeg\" alt=\"\" width=\"150\" height=\"150\" \/><\/a> <a href=\"http:\/\/rc-awr.at\/wp-content\/uploads\/2021\/10\/WhatsApp-Image-2021-10-05-at-14.14.45.jpeg\"><img decoding=\"async\" loading=\"lazy\" class=\"alignnone wp-image-618 size-thumbnail\" src=\"http:\/\/rc-awr.at\/wp-content\/uploads\/2021\/10\/WhatsApp-Image-2021-10-05-at-14.14.45-150x150.jpeg\" alt=\"\" width=\"150\" height=\"150\" \/><\/a> <a href=\"http:\/\/rc-awr.at\/wp-content\/uploads\/2021\/10\/WhatsApp-Image-2021-10-05-at-14.14.49-1.jpeg\"><img decoding=\"async\" loading=\"lazy\" class=\"alignnone wp-image-619 size-thumbnail\" src=\"http:\/\/rc-awr.at\/wp-content\/uploads\/2021\/10\/WhatsApp-Image-2021-10-05-at-14.14.49-1-150x150.jpeg\" alt=\"\" width=\"150\" height=\"150\" \/><\/a> <a href=\"http:\/\/rc-awr.at\/wp-content\/uploads\/2021\/10\/WhatsApp-Image-2021-10-05-at-14.14.49-2.jpeg\"><img decoding=\"async\" loading=\"lazy\" class=\"alignnone wp-image-620 size-thumbnail\" src=\"http:\/\/rc-awr.at\/wp-content\/uploads\/2021\/10\/WhatsApp-Image-2021-10-05-at-14.14.49-2-150x150.jpeg\" alt=\"\" width=\"150\" height=\"150\" srcset=\"https:\/\/website.rc-awr.at\/wp-content\/uploads\/2021\/10\/WhatsApp-Image-2021-10-05-at-14.14.49-2-150x150.jpeg 150w, https:\/\/website.rc-awr.at\/wp-content\/uploads\/2021\/10\/WhatsApp-Image-2021-10-05-at-14.14.49-2-300x300.jpeg 300w, https:\/\/website.rc-awr.at\/wp-content\/uploads\/2021\/10\/WhatsApp-Image-2021-10-05-at-14.14.49-2-1024x1024.jpeg 1024w, https:\/\/website.rc-awr.at\/wp-content\/uploads\/2021\/10\/WhatsApp-Image-2021-10-05-at-14.14.49-2-768x768.jpeg 768w, https:\/\/website.rc-awr.at\/wp-content\/uploads\/2021\/10\/WhatsApp-Image-2021-10-05-at-14.14.49-2.jpeg 1488w\" sizes=\"(max-width: 150px) 100vw, 150px\" \/><\/a> <a href=\"http:\/\/rc-awr.at\/wp-content\/uploads\/2021\/10\/WhatsApp-Image-2021-10-05-at-14.14.49-3.jpeg\"><img decoding=\"async\" loading=\"lazy\" class=\"alignnone wp-image-621 size-thumbnail\" src=\"http:\/\/rc-awr.at\/wp-content\/uploads\/2021\/10\/WhatsApp-Image-2021-10-05-at-14.14.49-3-150x150.jpeg\" alt=\"\" width=\"150\" height=\"150\" \/><\/a> <a href=\"http:\/\/rc-awr.at\/wp-content\/uploads\/2021\/10\/WhatsApp-Image-2021-10-05-at-14.14.49-4.jpeg\"><img decoding=\"async\" loading=\"lazy\" class=\"alignnone wp-image-622 size-thumbnail\" src=\"http:\/\/rc-awr.at\/wp-content\/uploads\/2021\/10\/WhatsApp-Image-2021-10-05-at-14.14.49-4-150x150.jpeg\" alt=\"\" width=\"150\" height=\"150\" \/><\/a> <a href=\"http:\/\/rc-awr.at\/wp-content\/uploads\/2021\/10\/WhatsApp-Image-2021-10-05-at-14.14.49.jpeg\"><img decoding=\"async\" loading=\"lazy\" class=\"alignnone wp-image-623 size-thumbnail\" src=\"http:\/\/rc-awr.at\/wp-content\/uploads\/2021\/10\/WhatsApp-Image-2021-10-05-at-14.14.49-150x150.jpeg\" alt=\"\" width=\"150\" height=\"150\" \/><\/a> <a href=\"http:\/\/rc-awr.at\/wp-content\/uploads\/2021\/10\/WhatsApp-Image-2021-10-05-at-14.15.01.jpeg\"><img decoding=\"async\" loading=\"lazy\" class=\"alignnone wp-image-624 size-thumbnail\" src=\"http:\/\/rc-awr.at\/wp-content\/uploads\/2021\/10\/WhatsApp-Image-2021-10-05-at-14.15.01-150x150.jpeg\" alt=\"\" width=\"150\" height=\"150\" \/><\/a><\/p>\n<p>Auch bei den Amateuren waren wir vertreten. Bernhard Artenjak und Hermann Grabmayer sind gemeinsam gefahren. Leider hat es Probleme mit dem Zeitfahrrad gegeben bei Hermann, so mu\u00dfte er mit dem Stra\u00dfenrad starten.<br \/>\nTrotz der Umst\u00e4nde noch eine super Leistung und sie konnten den 8. Platz belegen und den Landesmeistertitel.<\/p>\n<p>Im Einzel TT war Peter Kmetyko am Start und eine echt super Zeit hingelegt unter 45min und somit den 3. Platz erk\u00e4mpft.<br \/>\nIm Einzel RR war Nikolaus Szava von uns dabei und hat wieder eine ordentliche Zeit hingebrennt. Knapp unter 39min und somit den 3. Platz erfahren.<\/p>\n","protected":false},"excerpt":{"rendered":"<p>Richard fasst die Ereignisse beim Einzel- und Paarzeitfahren in M&ouml;rbisch zusammen: Nachdem heuer wieder eine Meisterschaft im Paarzeitfahren f&uuml;r die Klassen Amateure, Master 1-3 und 4-6ausgerichtet wurde, ich aber keinen<\/p>\n","protected":false},"author":1,"featured_media":620,"comment_status":"open","ping_status":"open","sticky":false,"template":"","format":"standard","meta":[],"categories":[1],"tags":[],"_links":{"self":[{"href":"https:\/\/website.rc-awr.at\/index.php?rest_route=\/wp\/v2\/posts\/616"}],"collection":[{"href":"https:\/\/website.rc-awr.at\/index.php?rest_route=\/wp\/v2\/posts"}],"about":[{"href":"https:\/\/website.rc-awr.at\/index.php?rest_route=\/wp\/v2\/types\/post"}],"author":[{"embeddable":true,"href":"https:\/\/website.rc-awr.at\/index.php?rest_route=\/wp\/v2\/users\/1"}],"replies":[{"embeddable":true,"href":"https:\/\/website.rc-awr.at\/index.php?rest_route=%2Fwp%2Fv2%2Fcomments&post=616"}],"version-history":[{"count":1,"href":"https:\/\/website.rc-awr.at\/index.php?rest_route=\/wp\/v2\/posts\/616\/revisions"}],"predecessor-version":[{"id":625,"href":"https:\/\/website.rc-awr.at\/index.php?rest_route=\/wp\/v2\/posts\/616\/revisions\/625"}],"wp:featuredmedia":[{"embeddable":true,"href":"https:\/\/website.rc-awr.at\/index.php?rest_route=\/wp\/v2\/media\/620"}],"wp:attachment":[{"href":"https:\/\/website.rc-awr.at\/index.php?rest_route=%2Fwp%2Fv2%2Fmedia&parent=616"}],"wp:term":[{"taxonomy":"category","embeddable":true,"href":"https:\/\/website.rc-awr.at\/index.php?rest_route=%2Fwp%2Fv2%2Fcategories&post=616"},{"taxonomy":"post_tag","embeddable":true,"href":"https:\/\/website.rc-awr.at\/index.php?rest_route=%2Fwp%2Fv2%2Ftags&post=616"}],"curies":[{"name":"wp","href":"https:\/\/api.w.org\/{rel}","templated":true}]}}