{"id":630,"date":"2021-10-16T19:22:25","date_gmt":"2021-10-16T17:22:25","guid":{"rendered":"http:\/\/rc-awr.at\/?p=630"},"modified":"2021-10-16T19:22:25","modified_gmt":"2021-10-16T17:22:25","slug":"peter-beim-ezf-in-moerbisch-am-02-10-2021","status":"publish","type":"post","link":"https:\/\/website.rc-awr.at\/?p=630","title":{"rendered":"Peter beim EZF in M\u00f6rbisch am 02.10.2021"},"content":{"rendered":"<p>Das M\u00f6rbischer Eventwochenende mit seinen Rad- und Laufbewerben empfand ich schon immer sehr gelungen. Mit dem neuen Veranstalter und der ge\u00e4nderten Streckenf\u00fchrung hat das Zeitfahren meiner Meinung nach zus\u00e4tzlich an Qualit\u00e4t gewonnen und so wurde auch gleich im ersten Jahr das Rennprogramm mit den \u00d6MS im Paarzeitfahren erweitert.<\/p>\n<p>Der Wetterbericht h\u00f6rte sich vielversprechend an: Sonnig, mild, kr\u00e4ftiger SO-Wind.<\/p>\n<p>Das Studium des Streckenprofils und das Abfahren der Strecke verrieten mir einige T\u00fccken: 2 knackige Anstiege (einer gleich am Ortsende, der andere ca. 4km vor dem Ziel), dazwischen schnelle Abfahrten mit 90\u00b0-Kurven, Seitenwindpassagen, Bergaufschmierer und die 3km wellige Zielgerade mit schmerzhaftem Gegenwind.<\/p>\n<p>Ich f\u00fchlte mich nach der Bergtrainingswoche im Trentino\/Gardasee in Form, hatte nur zwischendurch Probleme mit der Kraft bei den Gegenwindst\u00fccken, aber ansonsten lief es gut, vor allem in den Anstiegen.<\/p>\n<p>In der Ergebnisliste zeigte sich das Sekundengl\u00fcck auf meiner Seite und bescherte mir den 3. Platz mit 1,7 Sek. vor Platz vier.<\/p>\n<p>2021 belegte ich nun schon zum dritten Mal Platz 3 (\u00d6M Salzburg, Weichstetten, M\u00f6rbisch). Ich bin sehr zufrieden, zumal ich in der AK 60+ mittlerweile schon zu den \u00c4lteren z\u00e4hle.<\/p>\n<p><a href=\"http:\/\/rc-awr.at\/wp-content\/uploads\/2021\/10\/Kmety_WhatsApp-Image-2021-10-05-at-06.19.20.jpeg\"><img decoding=\"async\" loading=\"lazy\" class=\"alignnone wp-image-617 size-medium\" src=\"http:\/\/rc-awr.at\/wp-content\/uploads\/2021\/10\/Kmety_WhatsApp-Image-2021-10-05-at-06.19.20-212x300.jpeg\" alt=\"\" width=\"212\" height=\"300\" srcset=\"https:\/\/website.rc-awr.at\/wp-content\/uploads\/2021\/10\/Kmety_WhatsApp-Image-2021-10-05-at-06.19.20-212x300.jpeg 212w, https:\/\/website.rc-awr.at\/wp-content\/uploads\/2021\/10\/Kmety_WhatsApp-Image-2021-10-05-at-06.19.20-722x1024.jpeg 722w, https:\/\/website.rc-awr.at\/wp-content\/uploads\/2021\/10\/Kmety_WhatsApp-Image-2021-10-05-at-06.19.20-768x1089.jpeg 768w, https:\/\/website.rc-awr.at\/wp-content\/uploads\/2021\/10\/Kmety_WhatsApp-Image-2021-10-05-at-06.19.20.jpeg 905w\" sizes=\"(max-width: 212px) 100vw, 212px\" \/><\/a><\/p>\n<p>&nbsp;<\/p>\n<p>&nbsp;<\/p>\n","protected":false},"excerpt":{"rendered":"<p>Das M&ouml;rbischer Eventwochenende mit seinen Rad- und Laufbewerben empfand ich schon immer sehr gelungen. Mit dem neuen Veranstalter und der ge&auml;nderten Streckenf&uuml;hrung hat das Zeitfahren meiner Meinung nach zus&auml;tzlich an<\/p>\n","protected":false},"author":1,"featured_media":617,"comment_status":"open","ping_status":"open","sticky":false,"template":"","format":"standard","meta":[],"categories":[1],"tags":[],"_links":{"self":[{"href":"https:\/\/website.rc-awr.at\/index.php?rest_route=\/wp\/v2\/posts\/630"}],"collection":[{"href":"https:\/\/website.rc-awr.at\/index.php?rest_route=\/wp\/v2\/posts"}],"about":[{"href":"https:\/\/website.rc-awr.at\/index.php?rest_route=\/wp\/v2\/types\/post"}],"author":[{"embeddable":true,"href":"https:\/\/website.rc-awr.at\/index.php?rest_route=\/wp\/v2\/users\/1"}],"replies":[{"embeddable":true,"href":"https:\/\/website.rc-awr.at\/index.php?rest_route=%2Fwp%2Fv2%2Fcomments&post=630"}],"version-history":[{"count":1,"href":"https:\/\/website.rc-awr.at\/index.php?rest_route=\/wp\/v2\/posts\/630\/revisions"}],"predecessor-version":[{"id":631,"href":"https:\/\/website.rc-awr.at\/index.php?rest_route=\/wp\/v2\/posts\/630\/revisions\/631"}],"wp:featuredmedia":[{"embeddable":true,"href":"https:\/\/website.rc-awr.at\/index.php?rest_route=\/wp\/v2\/media\/617"}],"wp:attachment":[{"href":"https:\/\/website.rc-awr.at\/index.php?rest_route=%2Fwp%2Fv2%2Fmedia&parent=630"}],"wp:term":[{"taxonomy":"category","embeddable":true,"href":"https:\/\/website.rc-awr.at\/index.php?rest_route=%2Fwp%2Fv2%2Fcategories&post=630"},{"taxonomy":"post_tag","embeddable":true,"href":"https:\/\/website.rc-awr.at\/index.php?rest_route=%2Fwp%2Fv2%2Ftags&post=630"}],"curies":[{"name":"wp","href":"https:\/\/api.w.org\/{rel}","templated":true}]}}