{"id":640,"date":"2021-10-16T19:51:56","date_gmt":"2021-10-16T17:51:56","guid":{"rendered":"http:\/\/rc-awr.at\/?p=640"},"modified":"2021-10-18T09:38:37","modified_gmt":"2021-10-18T07:38:37","slug":"kraftwerkscross-2021-tag-1","status":"publish","type":"post","link":"https:\/\/website.rc-awr.at\/?p=640","title":{"rendered":"Kraftwerkscross 2021 &#8211; Tag 1"},"content":{"rendered":"<p>Nach pademiebedingter Pause feiert das Kraftwerkscross 2021 ein Comeback. Unter erschwerten Bedingungen und unsicheren Rahmenbedingungen konnte die Veranstaltung heute erfolgreich gestartet werden &#8230;<\/p>\n<p>Richard hat das Wichtigste f\u00fcr uns zusammengefasst &#8230;<\/p>\n<p>Wundersch\u00f6nes Wetter mit Sonnenschein und 17 Grad war angesagt und genauso kam es dann auch. Der Kurs wurde heuer nach internationalem Vorbild ver\u00e4ndert &#8211; recht schnell mit einigen Schwierigkeiten wie Schr\u00e4gfahrten, Schotterpassage, Steilkurve und Waldst\u00fcck.<\/p>\n<p>Als erstes waren heute die Cross-L\u00e4ufer am Kurs. Die Wiese pr\u00e4sentierte sich weitgehend trocken und die Schr\u00e4gpassagen recht griffig.<br \/>\nDen Lauf hat Peter Mace gewonnen. Beste Dame war Daniela Mace.<\/p>\n<p>Danach das Hobbyrennen auf dem kompletten Kurs mit 2800m pro Runde. Michael Fichtinger dominierte das Rennen. Dahinter ging es recht spannend zu. Patrick Vollmann, Jan Dostal und Manfred E\u00dfletzbichler k\u00e4mpften um die Pl\u00e4tze. Jan Dostal drehte in der zweiten Rennh\u00e4lfte auf und sicherte sich Platz 2, Manfred landete auf Platz 3. Beste Dame war Alexandra Haslehner.<\/p>\n<p>Danach die Jugendrennen U15 und U13. In der U15 beeindruckte Lorenz Ludwiczek. Er beherrschte das Rennen vor Mario Rettegi. In der U13 ein echt spannendes Rennen. Als letzter gestartet \u00fcberholte der Slowake Matt Brynseels alle Fahrer und setzte sich an die Spitze. Mit einer echt guten Technik hat er sich lange an der Spitze gehalten und alle Angriffe von Felix Kucera abgewehrt. Kurz vor Schluss konnte sich Felix aber durchsetzen und gewann das Rennen recht knapp vor Matt. 3. wurde David Hackl.<\/p>\n<p>Als letztes dann das Hauptrennen. Am Start die Elite von \u00d6sterreich mit einigen ausl\u00e4ndischen Fahrern und Master \/ Amateuren. Vom Start weg, entwickelte sich ein spannendes Rennen. Philipp Heigl erwische einen super Start und f\u00fchrte das Feld an. Dicht gefolgt Mick, Isak und Teubenbacher. Auf der Wiesenpassage wurde um jeden cm gek\u00e4mpft um den Vordermann zu \u00fcberholen oder vorne zu bleiben. Im hinteren Bereich der Strecke gab es einige Asphaltst\u00fccke und auch eine tiefe Schotterpassage. Es wurde dort ordentlich aufs Tempo gedr\u00fcckt und war spannend zum zusehen. Hier konnte sich Heigl l\u00f6sen und setzte sich alleine an die Spitze. Dahinter entwickelte sich ein Dreikampf. Schlie\u00dflich konnte sich Mick von Isak l\u00f6sen knapp dahinter Teubenbacher. So war auch der Zieleinlauf. In der Masterwertung setzte sich Hans Bartl knapp vor Pepi Meyer im Zielsprint durch.<\/p>\n<p>Unser Kurt Schindler war \u00e4u\u00dferst eifrig mit der Kamera unterwegs und lieferte f\u00fcr den <a href=\"https:\/\/photos.google.com\/share\/AF1QipMIyXVcp7To2NkQ9ievPrfte23M_kdd84IyseegizuzDfcMkzPr0fHP3q0LF2BUFw?key=YzUxcWJ5X0JxY0ktck96dE1IdHM2dGU5bENLaGxn\" target=\"_blank\" rel=\"noopener\">Cross-Lauf<\/a>, f\u00fcr das <a href=\"https:\/\/photos.google.com\/share\/AF1QipNzqXsgkkqK7vlKDYzInBB4NlqTgA4dNJCYcCSBCYcz0yfurqQIVrrkmVSha0ygvw?key=XzNJeG5oYXhEMzVBNEpFd2NjdGtueTNZZE9Wb01R\" target=\"_blank\" rel=\"noopener\">Hobby-<\/a>, das <a href=\"https:\/\/photos.app.goo.gl\/mQwUXWsJodknQpNH6\" target=\"_blank\" rel=\"noopener\">Nachwuchs-<\/a> und das <a href=\"https:\/\/photos.app.goo.gl\/8JwKvojVtoVa8XpPA\" target=\"_blank\" rel=\"noopener\">Hauptrennen<\/a> hervorragende Fotos. Auch auf <a href=\"https:\/\/www.facebook.com\/182330361958929\/posts\/1749707241887892\/\" target=\"_blank\" rel=\"noopener\">cyclocross-Austria<\/a> gibt es Fotos zu sehen.<\/p>\n<p>Die detaillierten Rennergebnisse findet Ihr auf <a href=\"https:\/\/www.computerauswertung.at\/veranstaltung.php?V_ID=211016&amp;lang=de\" target=\"_blank\" rel=\"noopener\">computerauswertung.at<\/a>.<\/p>\n<p>&nbsp;<\/p>\n","protected":false},"excerpt":{"rendered":"<p>Nach pademiebedingter Pause feiert das Kraftwerkscross 2021 ein Comeback. Unter erschwerten Bedingungen und unsicheren Rahmenbedingungen konnte die Veranstaltung heute erfolgreich gestartet werden &hellip; Richard hat das Wichtigste f&uuml;r uns zusammengefasst<\/p>\n","protected":false},"author":1,"featured_media":643,"comment_status":"open","ping_status":"open","sticky":false,"template":"","format":"standard","meta":[],"categories":[1],"tags":[],"_links":{"self":[{"href":"https:\/\/website.rc-awr.at\/index.php?rest_route=\/wp\/v2\/posts\/640"}],"collection":[{"href":"https:\/\/website.rc-awr.at\/index.php?rest_route=\/wp\/v2\/posts"}],"about":[{"href":"https:\/\/website.rc-awr.at\/index.php?rest_route=\/wp\/v2\/types\/post"}],"author":[{"embeddable":true,"href":"https:\/\/website.rc-awr.at\/index.php?rest_route=\/wp\/v2\/users\/1"}],"replies":[{"embeddable":true,"href":"https:\/\/website.rc-awr.at\/index.php?rest_route=%2Fwp%2Fv2%2Fcomments&post=640"}],"version-history":[{"count":6,"href":"https:\/\/website.rc-awr.at\/index.php?rest_route=\/wp\/v2\/posts\/640\/revisions"}],"predecessor-version":[{"id":650,"href":"https:\/\/website.rc-awr.at\/index.php?rest_route=\/wp\/v2\/posts\/640\/revisions\/650"}],"wp:featuredmedia":[{"embeddable":true,"href":"https:\/\/website.rc-awr.at\/index.php?rest_route=\/wp\/v2\/media\/643"}],"wp:attachment":[{"href":"https:\/\/website.rc-awr.at\/index.php?rest_route=%2Fwp%2Fv2%2Fmedia&parent=640"}],"wp:term":[{"taxonomy":"category","embeddable":true,"href":"https:\/\/website.rc-awr.at\/index.php?rest_route=%2Fwp%2Fv2%2Fcategories&post=640"},{"taxonomy":"post_tag","embeddable":true,"href":"https:\/\/website.rc-awr.at\/index.php?rest_route=%2Fwp%2Fv2%2Ftags&post=640"}],"curies":[{"name":"wp","href":"https:\/\/api.w.org\/{rel}","templated":true}]}}