{"id":820,"date":"2022-04-25T16:03:31","date_gmt":"2022-04-25T14:03:31","guid":{"rendered":"https:\/\/rc-awr.at\/?p=820"},"modified":"2022-04-25T18:14:25","modified_gmt":"2022-04-25T16:14:25","slug":"zeitfahren-moerbisch","status":"publish","type":"post","link":"https:\/\/website.rc-awr.at\/?p=820","title":{"rendered":"Zeitfahren M\u00f6rbisch"},"content":{"rendered":"<p>Beim diesj\u00e4hrigen &#8211; auch als Qualifikation f\u00fcr die UCI Gran Fondo Weltmeisterschaften z\u00e4hlenden &#8211; M\u00f6rbischer Zeitfahren waren der RC-AWR im Einzel- und Paarzeifahren vertreten.<\/p>\n<p>Als erster ging Georg Satzer in der AK TT-50 an den Start. Er ben\u00f6tigte mit seinem Zeitfahrrad 43:52 Minuten f\u00fcr die rund 26km lange Strecke mit zwei harten Anstiegen. In der Abrechnung bedeutete dies bei starker internationaler Konkurrenz f\u00fcr ihn Rang 16 bei einem Schnitt von 35,6 km\/h.<\/p>\n<p>Hermann Grabmayer konnte in der Klasse RR-30 einen hervorragenden 8. Platz einfahren. Es gelang ihm, mit dem Rennrad in 41:17 Minuten und einem Schnitt von 37,8 km\/h \u00fcber die Strecke zu brettern. Das ist wirklich \u00fcberraschend und zeigt seine aufsteigende Form.<\/p>\n<p>Im Paarzeitfahren war ein Mixed Team bestehend aus Richard Rettegi und Cecilia Kraut (ASK\u00d6 Radwelt MK factory) am Start. Dieses Duo traininert sehr viel miteinander und harmonierte in diesem Bewerb sehr gut. Schon nach kurzer Zeit konnten die beiden alle vor ihnen gestarteten Teams ein- und \u00fcberholen. Mit gro\u00dfen Vorsprung beendeten sie das Rennen durften sich bei der Siegerehrung \u00fcber Platz 1 freuen.<\/p>\n<p>Als letztes ging das Duo Bernhard Artenjak und Mario Obermeier (Sport Nora) an den Start. Mit diesem Rennen wurde die \u00d6sterreichische Meisterschaft der Klasse Amateure ausgetragen. Bei starker Konkurrenz konnten sie den hervorragenden 4. Platz einfahren. Mit dem Rennen wurde auch als Wiener Landesmeisterschaft im Paarzeitfahren gewertet. Mit ihrer Leistung konnen sich die Beiden den Landesmeistertitel sichern.<\/p>\n<p>Gratulation an alle Teilnehmer zu den gezeigten Leistungen und Erfolgen!<\/p>\n<div id='gallery-1' class='gallery galleryid-820 gallery-columns-3 gallery-size-thumbnail'><figure class='gallery-item'>\n\t\t\t<div class='gallery-icon landscape'>\n\t\t\t\t<a href='https:\/\/website.rc-awr.at\/?attachment_id=819'><img width=\"150\" height=\"150\" src=\"https:\/\/website.rc-awr.at\/wp-content\/uploads\/2022\/04\/Moe_EZF_02-150x150.jpg\" class=\"attachment-thumbnail size-thumbnail\" alt=\"\" decoding=\"async\" loading=\"lazy\" aria-describedby=\"gallery-1-819\" \/><\/a>\n\t\t\t<\/div>\n\t\t\t\t<figcaption class='wp-caption-text gallery-caption' id='gallery-1-819'>\n\t\t\t\tBernhard Artenjak\n\t\t\t\t<\/figcaption><\/figure><figure class='gallery-item'>\n\t\t\t<div class='gallery-icon landscape'>\n\t\t\t\t<a href='https:\/\/website.rc-awr.at\/?attachment_id=818'><img width=\"150\" height=\"150\" src=\"https:\/\/website.rc-awr.at\/wp-content\/uploads\/2022\/04\/Moe_EZF_01-150x150.jpg\" class=\"attachment-thumbnail size-thumbnail\" alt=\"\" decoding=\"async\" loading=\"lazy\" aria-describedby=\"gallery-1-818\" \/><\/a>\n\t\t\t<\/div>\n\t\t\t\t<figcaption class='wp-caption-text gallery-caption' id='gallery-1-818'>\n\t\t\t\tSiegerehrung \u00d6M Paarzeitfahren\n\t\t\t\t<\/figcaption><\/figure><figure class='gallery-item'>\n\t\t\t<div class='gallery-icon landscape'>\n\t\t\t\t<a href='https:\/\/website.rc-awr.at\/?attachment_id=831'><img width=\"150\" height=\"150\" src=\"https:\/\/website.rc-awr.at\/wp-content\/uploads\/2022\/04\/Moe_EZF_03-150x150.jpg\" class=\"attachment-thumbnail size-thumbnail\" alt=\"\" decoding=\"async\" loading=\"lazy\" aria-describedby=\"gallery-1-831\" \/><\/a>\n\t\t\t<\/div>\n\t\t\t\t<figcaption class='wp-caption-text gallery-caption' id='gallery-1-831'>\n\t\t\t\tSiegerehrung Mix Paarzeitfahren\n\t\t\t\t<\/figcaption><\/figure>\n\t\t<\/div>\n\n<p>&nbsp;<\/p>\n<p>&nbsp;<\/p>\n<p>&nbsp;<\/p>\n<p>Bericht: Rettegi, Schindler<br \/>\nFoto: Rettegi, Artenjak<\/p>\n","protected":false},"excerpt":{"rendered":"<p>Beim diesj&auml;hrigen &ndash; auch als Qualifikation f&uuml;r die UCI Gran Fondo Weltmeisterschaften z&auml;hlenden &ndash; M&ouml;rbischer Zeitfahren waren der RC-AWR im Einzel- und Paarzeifahren vertreten. Als erster ging Georg Satzer in<\/p>\n","protected":false},"author":2,"featured_media":819,"comment_status":"open","ping_status":"open","sticky":false,"template":"","format":"standard","meta":[],"categories":[1],"tags":[],"_links":{"self":[{"href":"https:\/\/website.rc-awr.at\/index.php?rest_route=\/wp\/v2\/posts\/820"}],"collection":[{"href":"https:\/\/website.rc-awr.at\/index.php?rest_route=\/wp\/v2\/posts"}],"about":[{"href":"https:\/\/website.rc-awr.at\/index.php?rest_route=\/wp\/v2\/types\/post"}],"author":[{"embeddable":true,"href":"https:\/\/website.rc-awr.at\/index.php?rest_route=\/wp\/v2\/users\/2"}],"replies":[{"embeddable":true,"href":"https:\/\/website.rc-awr.at\/index.php?rest_route=%2Fwp%2Fv2%2Fcomments&post=820"}],"version-history":[{"count":11,"href":"https:\/\/website.rc-awr.at\/index.php?rest_route=\/wp\/v2\/posts\/820\/revisions"}],"predecessor-version":[{"id":832,"href":"https:\/\/website.rc-awr.at\/index.php?rest_route=\/wp\/v2\/posts\/820\/revisions\/832"}],"wp:featuredmedia":[{"embeddable":true,"href":"https:\/\/website.rc-awr.at\/index.php?rest_route=\/wp\/v2\/media\/819"}],"wp:attachment":[{"href":"https:\/\/website.rc-awr.at\/index.php?rest_route=%2Fwp%2Fv2%2Fmedia&parent=820"}],"wp:term":[{"taxonomy":"category","embeddable":true,"href":"https:\/\/website.rc-awr.at\/index.php?rest_route=%2Fwp%2Fv2%2Fcategories&post=820"},{"taxonomy":"post_tag","embeddable":true,"href":"https:\/\/website.rc-awr.at\/index.php?rest_route=%2Fwp%2Fv2%2Ftags&post=820"}],"curies":[{"name":"wp","href":"https:\/\/api.w.org\/{rel}","templated":true}]}}