{"id":901,"date":"2022-05-23T15:51:42","date_gmt":"2022-05-23T13:51:42","guid":{"rendered":"https:\/\/rc-awr.at\/?p=901"},"modified":"2022-05-23T15:52:01","modified_gmt":"2022-05-23T13:52:01","slug":"peter-hoffmann-oesterreichischer-meister-im-bergzeitfahren","status":"publish","type":"post","link":"https:\/\/website.rc-awr.at\/?p=901","title":{"rendered":"Peter Hoffmann \u00d6sterreichischer Meister im Bergrennen"},"content":{"rendered":"<p><strong>Ein langes Rennwochenende mit tollen Ergebnissen f\u00fcr den AWR liegt hinter uns.<\/strong><\/p>\n<p>Die Topmeldung f\u00fcr uns ist der <strong>Sieg unserer Bergg\u00e4mse Peter Hoffmann bei den \u00d6sterreichischen Meisterschaften im Bergrennen<\/strong> in der AK Master V. Auf der rund 9,5km langen Strecke mit rund 600 H\u00f6henmetern konnte Peter seine Konkurrenten hinter sich lassen und sich \u00fcber den Meistertitel freuen.<br \/>\n<strong>Richard Rettegi<\/strong>, AK Master 1,\u00a0 verlor kurz vor der H\u00e4lfte der Distanz den Anschluss an die Spitze und versuchte, das Ziel noch irgenwie vern\u00fcnftig zu erreichen. Am Schluss ergab dies f\u00fcr ihn Platz 11 und den 3. Platz in der Wiener Landesmeisterschaft. Irgendwie ist es f\u00fcr ihn an diesem Tag nicht wirklich gegangen.<\/p>\n<p>F\u00fcr <strong>Mario Rettegi<\/strong> gab es in Kindberg auf verk\u00fcrzter Strecke ein Bergeinzelzeitfahren, er durfte sich am Schluss \u00fcber Platz 5 freuen.<\/p>\n<p>Das Rennwochenende begann schon am <strong>Donnerstag mit dem VICC Kriterium<\/strong> auf der Donauinsel. Als erstes war Mario Rettegi im Einsatz, der das U15 Rennen gewinnen konnte. Danach war Papa Richard am Start, der sich wieder aus den Tumulten rausgehalten hatte aber trotzdem Platz 13 belegte.<\/p>\n<p>Am <strong>Freitag<\/strong> stand das <strong>Thermenregioncup Zeitfahren<\/strong> am Kalender. <strong>Eva Hipfinger<\/strong> konnte hier die beste Zeit auf der Strecke nach Hochrotherd bei den Damen erzielen. Ebenso <strong>Nikolaus Szava,<\/strong> der deine Gegner \u00fcber eine Minute auf die Pl\u00e4tze verwiesen hat. <strong>Georg Satzer<\/strong> wieder in der Rennradklasse unterwegs, erreichte den ausgezeichneten 6. Platz.<\/p>\n<p>Am <strong>Sonntag<\/strong> stand dann das <strong>Stra\u00dfenrennen in St. Marein\/Stmk<\/strong> am Programm.<br \/>\nBei den Amateuren wurde von Anfang an sehr hohes Tempo gefahren und <strong>Niki Szava<\/strong> konnte sich lange vorne an der Spitze halten. Am Schluss musste er dem Tempo etwas Tribut zollen. Immerhin reichte es in dem starken Fahrerfeld zum guten Platz 16. <strong>Max Niebauer<\/strong> wurde leider in St\u00fcrze involviert und verlor den Anschluss. Nachfahren war dann nicht mehr m\u00f6glich und er musste aufgeben.<\/p>\n<p>Allen FahrerInnen herzliche Gratulation zu den gezeigten Leistungen, insbesondere Gratulation an Peter Hoffmann zum \u00d6sterreichischen Meistertitel!<\/p>\n<div id='gallery-1' class='gallery galleryid-901 gallery-columns-3 gallery-size-thumbnail'><figure class='gallery-item'>\n\t\t\t<div class='gallery-icon landscape'>\n\t\t\t\t<a href='https:\/\/website.rc-awr.at\/?attachment_id=897'><img width=\"150\" height=\"150\" src=\"https:\/\/website.rc-awr.at\/wp-content\/uploads\/2022\/05\/OeM_BergWE_-3s-150x150.jpg\" class=\"attachment-thumbnail size-thumbnail\" alt=\"\" decoding=\"async\" loading=\"lazy\" \/><\/a>\n\t\t\t<\/div><\/figure><figure class='gallery-item'>\n\t\t\t<div class='gallery-icon landscape'>\n\t\t\t\t<a href='https:\/\/website.rc-awr.at\/?attachment_id=899'><img width=\"150\" height=\"150\" src=\"https:\/\/website.rc-awr.at\/wp-content\/uploads\/2022\/05\/OeM_BergWE_-5s-150x150.jpg\" class=\"attachment-thumbnail size-thumbnail\" alt=\"\" decoding=\"async\" loading=\"lazy\" \/><\/a>\n\t\t\t<\/div><\/figure><figure class='gallery-item'>\n\t\t\t<div class='gallery-icon landscape'>\n\t\t\t\t<a href='https:\/\/website.rc-awr.at\/?attachment_id=895'><img width=\"150\" height=\"150\" src=\"https:\/\/website.rc-awr.at\/wp-content\/uploads\/2022\/05\/OeM_BergWE_-1s-150x150.jpg\" class=\"attachment-thumbnail size-thumbnail\" alt=\"\" decoding=\"async\" loading=\"lazy\" \/><\/a>\n\t\t\t<\/div><\/figure><figure class='gallery-item'>\n\t\t\t<div class='gallery-icon landscape'>\n\t\t\t\t<a href='https:\/\/website.rc-awr.at\/?attachment_id=898'><img width=\"150\" height=\"150\" src=\"https:\/\/website.rc-awr.at\/wp-content\/uploads\/2022\/05\/OeM_BergWE_-4s-150x150.jpg\" class=\"attachment-thumbnail size-thumbnail\" alt=\"\" decoding=\"async\" loading=\"lazy\" \/><\/a>\n\t\t\t<\/div><\/figure><figure class='gallery-item'>\n\t\t\t<div class='gallery-icon landscape'>\n\t\t\t\t<a href='https:\/\/website.rc-awr.at\/?attachment_id=900'><img width=\"150\" height=\"150\" src=\"https:\/\/website.rc-awr.at\/wp-content\/uploads\/2022\/05\/OeM_BergWE_-6s-150x150.jpg\" class=\"attachment-thumbnail size-thumbnail\" alt=\"\" decoding=\"async\" loading=\"lazy\" \/><\/a>\n\t\t\t<\/div><\/figure><figure class='gallery-item'>\n\t\t\t<div class='gallery-icon landscape'>\n\t\t\t\t<a href='https:\/\/website.rc-awr.at\/?attachment_id=896'><img width=\"150\" height=\"150\" src=\"https:\/\/website.rc-awr.at\/wp-content\/uploads\/2022\/05\/OeM_BergWE_-2s-150x150.jpg\" class=\"attachment-thumbnail size-thumbnail\" alt=\"\" decoding=\"async\" loading=\"lazy\" \/><\/a>\n\t\t\t<\/div><\/figure>\n\t\t<\/div>\n\n<p>Bericht: Rettegi, Schindler<\/p>\n","protected":false},"excerpt":{"rendered":"<p>Ein langes Rennwochenende mit tollen Ergebnissen f&uuml;r den AWR liegt hinter uns. Die Topmeldung f&uuml;r uns ist der Sieg unserer Bergg&auml;mse Peter Hoffmann bei den &Ouml;sterreichischen Meisterschaften im Bergrennen in<\/p>\n","protected":false},"author":2,"featured_media":897,"comment_status":"open","ping_status":"open","sticky":false,"template":"","format":"standard","meta":[],"categories":[1],"tags":[],"_links":{"self":[{"href":"https:\/\/website.rc-awr.at\/index.php?rest_route=\/wp\/v2\/posts\/901"}],"collection":[{"href":"https:\/\/website.rc-awr.at\/index.php?rest_route=\/wp\/v2\/posts"}],"about":[{"href":"https:\/\/website.rc-awr.at\/index.php?rest_route=\/wp\/v2\/types\/post"}],"author":[{"embeddable":true,"href":"https:\/\/website.rc-awr.at\/index.php?rest_route=\/wp\/v2\/users\/2"}],"replies":[{"embeddable":true,"href":"https:\/\/website.rc-awr.at\/index.php?rest_route=%2Fwp%2Fv2%2Fcomments&post=901"}],"version-history":[{"count":6,"href":"https:\/\/website.rc-awr.at\/index.php?rest_route=\/wp\/v2\/posts\/901\/revisions"}],"predecessor-version":[{"id":907,"href":"https:\/\/website.rc-awr.at\/index.php?rest_route=\/wp\/v2\/posts\/901\/revisions\/907"}],"wp:featuredmedia":[{"embeddable":true,"href":"https:\/\/website.rc-awr.at\/index.php?rest_route=\/wp\/v2\/media\/897"}],"wp:attachment":[{"href":"https:\/\/website.rc-awr.at\/index.php?rest_route=%2Fwp%2Fv2%2Fmedia&parent=901"}],"wp:term":[{"taxonomy":"category","embeddable":true,"href":"https:\/\/website.rc-awr.at\/index.php?rest_route=%2Fwp%2Fv2%2Fcategories&post=901"},{"taxonomy":"post_tag","embeddable":true,"href":"https:\/\/website.rc-awr.at\/index.php?rest_route=%2Fwp%2Fv2%2Ftags&post=901"}],"curies":[{"name":"wp","href":"https:\/\/api.w.org\/{rel}","templated":true}]}}