{"id":922,"date":"2022-06-06T11:16:03","date_gmt":"2022-06-06T09:16:03","guid":{"rendered":"https:\/\/rc-awr.at\/?p=922"},"modified":"2022-06-15T11:26:22","modified_gmt":"2022-06-15T09:26:22","slug":"bernhard-artenjak-oesterreichischer-meister-im-kriterium","status":"publish","type":"post","link":"https:\/\/website.rc-awr.at\/?p=922","title":{"rendered":"Bernhard Artenjak \u00d6sterreichischer Meister im Kriterium!"},"content":{"rendered":"<p>Die von unserem Verein am Gel\u00e4nde des ARB\u00d6 Donaustadt ausgerichteten \u00d6sterreichischen Meisterschaften im Kriterium wurde f\u00fcr den RC-AWR durch die <strong>Topleistung von Bernhard Artenjak<\/strong> gekr\u00f6nt. Er siegte bei den Amateuren und durfte sich mit der <strong>Meistermedaillie<\/strong> feiern lassen.<br \/>\nEine sehr starke Leistung zeigte auch <strong>Richard Rettegi<\/strong> an diesem Pfingstsonntag, er freute sich nach einer taktischen Meisterleistung \u00fcber den hart erk\u00e4mpften <strong>dritten Platz bei den Master I<\/strong>.<\/p>\n<p>Ebenfalls bei den Amateuren am Start waren Hermann Grabmayer und Nikolaus Szava. Die beiden mu\u00dften dem von Anfang an enorm hohen Tempo, welches die Spitzenfahrer vorlegten, Tribut zollen. Niki muss noch an seiner Kurventechnik arbeiten, er verlor in den Richtungswechseln immer etwas an Boden. Das Nachsprinten auf&#8217;s Feld kostete ihm relativ rasch die K\u00f6rner, was ihn schlussendlich zur Aufgabe zwang. Hermann schaffte es l\u00e4nger, im Feld zu bleiben, aber auch ihm zog das Tempo schlie\u00dflich den Zahn. Aber er fuhr das Rennen zu Ende und konnte wichtige Erfahrung sammeln.<\/p>\n<p>Die nach ihrem kurzen vereinstechnischem Ausflug ins Burgenland wieder zum RC-AWR zur\u00fcckgekehrte Cili Kraut startete mit ihrer Elite-Lizenz bei den Staatsmeisterschaften. Bis in die Haarspitzen motiviert fuhr sie ein beherztes Rennen, hatte aber gegen die mannschftlich sehr stark auftretenden Tiroler- und Grazerinnen keine Chance. In der Endabrechnung ergab dies aber immerhin Platz 10 f\u00fcr Cili.<\/p>\n<p>Wir gratulieren allen FahrerInnen zu den gezeigten Leistungen und Erfolgen!<\/p>\n<p><strong>Ein besonderes Danke gilt allen HelferInnen!<\/strong><br \/>\nWieder hat es sich gezeigt, dass viele Mitglieder bereit sind, ihre Freizeit f\u00fcr den Verein und den Radsport zur Verf\u00fcgung zu stellen und die Veranstaltung erfolgreich \u00fcber die B\u00fchne zu bringen. Der RC-AWR konnte damit den Stellenwert innerhalb des Verbandes und des Radsports einmal mehr unter Beweis stellen.<\/p>\n<p>Bericht vom ARB\u00d6 Wien <a href=\"https:\/\/www.arboe.at\/wien\/news\/?tx_news_pi1%5Bnews%5D=1309&amp;cHash=d7b642f93b3107e2f4502d1869d70e0c\">&gt;&gt;hier&lt;&lt;<\/a><\/p>\n<p>Actionfotos der Veranstaltung finden sich <a href=\"https:\/\/photos.app.goo.gl\/31PhJTXWmeCUYR3S6\">&gt;&gt;hier&lt;&lt;<\/a><br \/>\nDie Fotos der Siegerehrungen finden sich <a href=\"https:\/\/photos.app.goo.gl\/nbGQgRjFHAo1cNydA\">&gt;&gt;hier&lt;&lt;<\/a><br \/>\nDie Ergebnisse der Veranstaltung sind unter <a href=\"https:\/\/computerauswertung.at\/veranstaltung.php?V_ID=220605&amp;lang=de\">Computerauswertung.at<\/a> abrufbar.<br \/>\nBericht zum Event auf der <a href=\"https:\/\/www.radsportverband.at\/index.php\/aktuelles\/radsport-news\/strasse\/5768-oerv-radligasiegerin-thanner-gewinnt-kriteriumsmeisterschaft-der-frauen\">\u00d6RV-Seite<\/a><\/p>\n<div id='gallery-1' class='gallery galleryid-922 gallery-columns-3 gallery-size-thumbnail'><figure class='gallery-item'>\n\t\t\t<div class='gallery-icon landscape'>\n\t\t\t\t<a href='https:\/\/website.rc-awr.at\/?attachment_id=921'><img width=\"150\" height=\"150\" src=\"https:\/\/website.rc-awr.at\/wp-content\/uploads\/2022\/06\/OeMKrit_s_09-150x150.jpg\" class=\"attachment-thumbnail size-thumbnail\" alt=\"\" decoding=\"async\" loading=\"lazy\" aria-describedby=\"gallery-1-921\" \/><\/a>\n\t\t\t<\/div>\n\t\t\t\t<figcaption class='wp-caption-text gallery-caption' id='gallery-1-921'>\n\t\t\t\tAmateure\n\t\t\t\t<\/figcaption><\/figure><figure class='gallery-item'>\n\t\t\t<div class='gallery-icon portrait'>\n\t\t\t\t<a href='https:\/\/website.rc-awr.at\/?attachment_id=919'><img width=\"150\" height=\"150\" src=\"https:\/\/website.rc-awr.at\/wp-content\/uploads\/2022\/06\/OeMKrit_s_07-150x150.jpg\" class=\"attachment-thumbnail size-thumbnail\" alt=\"\" decoding=\"async\" loading=\"lazy\" aria-describedby=\"gallery-1-919\" \/><\/a>\n\t\t\t<\/div>\n\t\t\t\t<figcaption class='wp-caption-text gallery-caption' id='gallery-1-919'>\n\t\t\t\tHermann und Bernhard\n\t\t\t\t<\/figcaption><\/figure><figure class='gallery-item'>\n\t\t\t<div class='gallery-icon landscape'>\n\t\t\t\t<a href='https:\/\/website.rc-awr.at\/?attachment_id=918'><img width=\"150\" height=\"150\" src=\"https:\/\/website.rc-awr.at\/wp-content\/uploads\/2022\/06\/OeMKrit_s_06-150x150.jpg\" class=\"attachment-thumbnail size-thumbnail\" alt=\"\" decoding=\"async\" loading=\"lazy\" aria-describedby=\"gallery-1-918\" \/><\/a>\n\t\t\t<\/div>\n\t\t\t\t<figcaption class='wp-caption-text gallery-caption' id='gallery-1-918'>\n\t\t\t\tBernhard siegt\n\t\t\t\t<\/figcaption><\/figure><figure class='gallery-item'>\n\t\t\t<div class='gallery-icon landscape'>\n\t\t\t\t<a href='https:\/\/website.rc-awr.at\/?attachment_id=917'><img width=\"150\" height=\"150\" src=\"https:\/\/website.rc-awr.at\/wp-content\/uploads\/2022\/06\/OeMKrit_s_05-150x150.jpg\" class=\"attachment-thumbnail size-thumbnail\" alt=\"\" decoding=\"async\" loading=\"lazy\" aria-describedby=\"gallery-1-917\" \/><\/a>\n\t\t\t<\/div>\n\t\t\t\t<figcaption class='wp-caption-text gallery-caption' id='gallery-1-917'>\n\t\t\t\tBernhard Artenjak\n\t\t\t\t<\/figcaption><\/figure><figure class='gallery-item'>\n\t\t\t<div class='gallery-icon landscape'>\n\t\t\t\t<a href='https:\/\/website.rc-awr.at\/?attachment_id=915'><img width=\"150\" height=\"150\" src=\"https:\/\/website.rc-awr.at\/wp-content\/uploads\/2022\/06\/OeMKrit_s_03-150x150.jpg\" class=\"attachment-thumbnail size-thumbnail\" alt=\"\" decoding=\"async\" loading=\"lazy\" aria-describedby=\"gallery-1-915\" \/><\/a>\n\t\t\t<\/div>\n\t\t\t\t<figcaption class='wp-caption-text gallery-caption' id='gallery-1-915'>\n\t\t\t\tHermann Grabmayer\n\t\t\t\t<\/figcaption><\/figure><figure class='gallery-item'>\n\t\t\t<div class='gallery-icon landscape'>\n\t\t\t\t<a href='https:\/\/website.rc-awr.at\/?attachment_id=916'><img width=\"150\" height=\"150\" src=\"https:\/\/website.rc-awr.at\/wp-content\/uploads\/2022\/06\/OeMKrit_s_04-150x150.jpg\" class=\"attachment-thumbnail size-thumbnail\" alt=\"\" decoding=\"async\" loading=\"lazy\" aria-describedby=\"gallery-1-916\" \/><\/a>\n\t\t\t<\/div>\n\t\t\t\t<figcaption class='wp-caption-text gallery-caption' id='gallery-1-916'>\n\t\t\t\tNiki Szava\n\t\t\t\t<\/figcaption><\/figure><figure class='gallery-item'>\n\t\t\t<div class='gallery-icon portrait'>\n\t\t\t\t<a href='https:\/\/website.rc-awr.at\/?attachment_id=914'><img width=\"150\" height=\"150\" src=\"https:\/\/website.rc-awr.at\/wp-content\/uploads\/2022\/06\/OeMKrit_s_02-150x150.jpg\" class=\"attachment-thumbnail size-thumbnail\" alt=\"\" decoding=\"async\" loading=\"lazy\" aria-describedby=\"gallery-1-914\" \/><\/a>\n\t\t\t<\/div>\n\t\t\t\t<figcaption class='wp-caption-text gallery-caption' id='gallery-1-914'>\n\t\t\t\tRichard Rettegi Bronze\n\t\t\t\t<\/figcaption><\/figure><figure class='gallery-item'>\n\t\t\t<div class='gallery-icon landscape'>\n\t\t\t\t<a href='https:\/\/website.rc-awr.at\/?attachment_id=913'><img width=\"150\" height=\"150\" src=\"https:\/\/website.rc-awr.at\/wp-content\/uploads\/2022\/06\/OeMKrit_s_01-150x150.jpg\" class=\"attachment-thumbnail size-thumbnail\" alt=\"\" decoding=\"async\" loading=\"lazy\" aria-describedby=\"gallery-1-913\" \/><\/a>\n\t\t\t<\/div>\n\t\t\t\t<figcaption class='wp-caption-text gallery-caption' id='gallery-1-913'>\n\t\t\t\tRicci in Action\n\t\t\t\t<\/figcaption><\/figure><figure class='gallery-item'>\n\t\t\t<div class='gallery-icon landscape'>\n\t\t\t\t<a href='https:\/\/website.rc-awr.at\/?attachment_id=920'><img width=\"150\" height=\"150\" src=\"https:\/\/website.rc-awr.at\/wp-content\/uploads\/2022\/06\/OeMKrit_s_08-150x150.jpg\" class=\"attachment-thumbnail size-thumbnail\" alt=\"\" decoding=\"async\" loading=\"lazy\" aria-describedby=\"gallery-1-920\" \/><\/a>\n\t\t\t<\/div>\n\t\t\t\t<figcaption class='wp-caption-text gallery-caption' id='gallery-1-920'>\n\t\t\t\tCili Kraut\n\t\t\t\t<\/figcaption><\/figure>\n\t\t<\/div>\n\n<p>Bericht: Schindler<\/p>\n","protected":false},"excerpt":{"rendered":"<p>Die von unserem Verein am Gel&auml;nde des ARB&Ouml; Donaustadt ausgerichteten &Ouml;sterreichischen Meisterschaften im Kriterium wurde f&uuml;r den RC-AWR durch die Topleistung von Bernhard Artenjak gekr&ouml;nt. Er siegte bei den Amateuren<\/p>\n","protected":false},"author":2,"featured_media":921,"comment_status":"open","ping_status":"open","sticky":false,"template":"","format":"standard","meta":[],"categories":[1],"tags":[],"_links":{"self":[{"href":"https:\/\/website.rc-awr.at\/index.php?rest_route=\/wp\/v2\/posts\/922"}],"collection":[{"href":"https:\/\/website.rc-awr.at\/index.php?rest_route=\/wp\/v2\/posts"}],"about":[{"href":"https:\/\/website.rc-awr.at\/index.php?rest_route=\/wp\/v2\/types\/post"}],"author":[{"embeddable":true,"href":"https:\/\/website.rc-awr.at\/index.php?rest_route=\/wp\/v2\/users\/2"}],"replies":[{"embeddable":true,"href":"https:\/\/website.rc-awr.at\/index.php?rest_route=%2Fwp%2Fv2%2Fcomments&post=922"}],"version-history":[{"count":13,"href":"https:\/\/website.rc-awr.at\/index.php?rest_route=\/wp\/v2\/posts\/922\/revisions"}],"predecessor-version":[{"id":1346,"href":"https:\/\/website.rc-awr.at\/index.php?rest_route=\/wp\/v2\/posts\/922\/revisions\/1346"}],"wp:featuredmedia":[{"embeddable":true,"href":"https:\/\/website.rc-awr.at\/index.php?rest_route=\/wp\/v2\/media\/921"}],"wp:attachment":[{"href":"https:\/\/website.rc-awr.at\/index.php?rest_route=%2Fwp%2Fv2%2Fmedia&parent=922"}],"wp:term":[{"taxonomy":"category","embeddable":true,"href":"https:\/\/website.rc-awr.at\/index.php?rest_route=%2Fwp%2Fv2%2Fcategories&post=922"},{"taxonomy":"post_tag","embeddable":true,"href":"https:\/\/website.rc-awr.at\/index.php?rest_route=%2Fwp%2Fv2%2Ftags&post=922"}],"curies":[{"name":"wp","href":"https:\/\/api.w.org\/{rel}","templated":true}]}}