{"id":932,"date":"2022-06-06T10:36:16","date_gmt":"2022-06-06T08:36:16","guid":{"rendered":"https:\/\/rc-awr.at\/?p=932"},"modified":"2022-06-07T16:39:44","modified_gmt":"2022-06-07T14:39:44","slug":"leithaberg-radmarathon","status":"publish","type":"post","link":"https:\/\/website.rc-awr.at\/?p=932","title":{"rendered":"Leithaberg Radmarathon"},"content":{"rendered":"<p>Am Pfingstsonntag stand, wie jedes Jahr, der Leithaberg Radmarathon am Programm.<br \/>\nDie von Edmund Kiss hervorragend organisierte Veranstaltung nehmen immer hunderte RadlerInnen in Angriff.<\/p>\n<p>Auf der 120km Strecke mit rund 1300 Hm geht es dreimal via Donnerskirchen, Hof, Kaisersteinbruch und weiter via Breitenbrunn nach Purbach. Diese Variante nahm <strong>Karl Koller<\/strong> in Angriff.<br \/>\nHier seine Kurzfassung des Events:<br \/>\n3 Runden mit je 40km VOIIIIIIGAS \ud83e\udd2a, leider wurde ich in der 2. Runde, im Anstieg Richtung Hof, 30m vor der Kuppe von der F\u00fchrungsgruppe &#8222;ausgespuckt&#8220; \ud83d\ude44, dumm gelaufen oder doch zu schwach \ud83d\ude02\ud83d\ude02\ud83d\ude02.<br \/>\nVon Hof bis Kaisersteinbruch zu Zweit gegen den Wind\u00a0 &#8211;\u00a0 naujo \ud83e\udd28, a net lustig. Kurz vor Breitenbrunn und Runde 3 sind wir dann von der n\u00e4chsten Gruppe eingeholt worden.<br \/>\nErgibt folgendes Ergebnis: Ges.: 36., AK: 6. in 3h11min&#8230;&#8230;.nicht so richtig zufrieden, aber trotzdem cool\u00a0 &#8211;\u00a0 geh\u00f6rt auch dazu \ud83d\ude0a.<\/p>\n<p>Die Variante mit zei Runden &#8211; also 80km und &#8222;nur&#8220;\u00a0 zweimal von Donnerskirchen \u00fcber den Leithaberg nahmen <strong>Kostas Bouzas<\/strong>, <strong>Georg Schimanko<\/strong> und <strong>Christian Staber<\/strong> in Angriff.<br \/>\nHier der Bericht der Drei, verfasst von Georg:<br \/>\nAm Start waren Christian Staber, Kosta und ich bei den 80 Kilometern. Kurze Renn- Taktik Besprechung ergab &#8211; Kosta, Christian bestimmen das Tempo am H\u00fcgel \u26f0\ufe0f und ich versuche mich in der Ebene &#8211; das war der Plan \ud83e\udd37\ud83c\udffb\u200d\u2642\ud83e\udd23.<br \/>\nBei sommerlichen Temperaturen(25Grad) waren wir 20 Minuten vor dem Start ca. in der 10. Reihe \u00a0aufgestellt, die 1.Reihe bildeten die M\u00f6rbischer Kollegen vom RLC, ca. 10 Mann stark \ud83d\udcaa.<br \/>\nSie fuhren die ersten Kilometer ein rasches Tempo, das Feld bis dato sehr kompakt u eng. Als wir zum ersten Anstieg kamen trennte sich das Feld, bei Watt-Werten weit \u00fcber meiner FTP sowie Windstille bei gef\u00fchlt 30Grad fuhr ich in der 1 Gruppe mit. Leider musste ich aber gleich feststellen das ich so nicht lange mit halten konnte.<br \/>\nEin Blick zur\u00fcck \ud83d\udd19 &#8211; niemand mehr da, kein Kosta, kein Christian &#8211; somit suchte ich nach Verst\u00e4rkung bei ein paar zur\u00fcckgeblieben aus der 1.Gruppe. Drei Versuche die L\u00f6cher zu zufahren scheiterten, (Kommunikation) danach absolvierte ich die letzte Runde mit ca 7-10 Teilnehmern. Zum Schlu\u00df musste ich auch diese Gruppe ziehen lassen \ud83d\ude05 weil ich bei der ersten Runde eindeutig zuviel K\u00f6rner gelassen habe.<br \/>\nFazit: #Einteilung mu\u00df gelernt sein#\ud83e\udd23\ud83e\udd23<br \/>\nKosta und Christian bildeten eine eigene Gruppe die sogar mit einer sehr starken Dame besetzt war. Sie l\u00f6sten sich Kotl m\u00e4\u00dfig regelrecht an der Spitze ab und fuhren souver\u00e4n ins Ziel.<br \/>\nWiedermal eine tolle Leistung von Christian mit Platz drei in seiner AK , Kosta in seiner AK 22., ich in meiner AK auf Platz 7! Es war eine tolle Veranstaltung mit perfekten Wetter, was will man mehr!<br \/>\n#Ride on# lg Georg \ud83d\ude01<\/p>\n<p>Danke f\u00fcr eure Berichte und Gratulation zu den Leistungen!<\/p>\n<p><img decoding=\"async\" loading=\"lazy\" class=\"alignnone size-medium wp-image-937\" src=\"http:\/\/rc-awr.at\/wp-content\/uploads\/2022\/06\/LB_RM_Kostas-287x300.jpg\" alt=\"\" width=\"287\" height=\"300\" srcset=\"https:\/\/website.rc-awr.at\/wp-content\/uploads\/2022\/06\/LB_RM_Kostas-287x300.jpg 287w, https:\/\/website.rc-awr.at\/wp-content\/uploads\/2022\/06\/LB_RM_Kostas-981x1024.jpg 981w, https:\/\/website.rc-awr.at\/wp-content\/uploads\/2022\/06\/LB_RM_Kostas-768x802.jpg 768w, https:\/\/website.rc-awr.at\/wp-content\/uploads\/2022\/06\/LB_RM_Kostas.jpg 1471w\" sizes=\"(max-width: 287px) 100vw, 287px\" \/> \u00a0\u00a0\u00a0 <img decoding=\"async\" loading=\"lazy\" class=\"size-medium wp-image-936 alignnone\" src=\"http:\/\/rc-awr.at\/wp-content\/uploads\/2022\/06\/LB_RM_Koka-225x300.jpg\" alt=\"\" width=\"225\" height=\"300\" srcset=\"https:\/\/website.rc-awr.at\/wp-content\/uploads\/2022\/06\/LB_RM_Koka-225x300.jpg 225w, https:\/\/website.rc-awr.at\/wp-content\/uploads\/2022\/06\/LB_RM_Koka-768x1024.jpg 768w, https:\/\/website.rc-awr.at\/wp-content\/uploads\/2022\/06\/LB_RM_Koka-1152x1536.jpg 1152w, https:\/\/website.rc-awr.at\/wp-content\/uploads\/2022\/06\/LB_RM_Koka.jpg 1536w\" sizes=\"(max-width: 225px) 100vw, 225px\" \/><\/p>\n<p>Bericht: Koller, Schimanko, Schindler<\/p>\n<p>&nbsp;<\/p>\n","protected":false},"excerpt":{"rendered":"<p>Am Pfingstsonntag stand, wie jedes Jahr, der Leithaberg Radmarathon am Programm. Die von Edmund Kiss hervorragend organisierte Veranstaltung nehmen immer hunderte RadlerInnen in Angriff. Auf der 120km Strecke mit rund<\/p>\n","protected":false},"author":2,"featured_media":937,"comment_status":"open","ping_status":"open","sticky":false,"template":"","format":"standard","meta":[],"categories":[1],"tags":[],"_links":{"self":[{"href":"https:\/\/website.rc-awr.at\/index.php?rest_route=\/wp\/v2\/posts\/932"}],"collection":[{"href":"https:\/\/website.rc-awr.at\/index.php?rest_route=\/wp\/v2\/posts"}],"about":[{"href":"https:\/\/website.rc-awr.at\/index.php?rest_route=\/wp\/v2\/types\/post"}],"author":[{"embeddable":true,"href":"https:\/\/website.rc-awr.at\/index.php?rest_route=\/wp\/v2\/users\/2"}],"replies":[{"embeddable":true,"href":"https:\/\/website.rc-awr.at\/index.php?rest_route=%2Fwp%2Fv2%2Fcomments&post=932"}],"version-history":[{"count":5,"href":"https:\/\/website.rc-awr.at\/index.php?rest_route=\/wp\/v2\/posts\/932\/revisions"}],"predecessor-version":[{"id":940,"href":"https:\/\/website.rc-awr.at\/index.php?rest_route=\/wp\/v2\/posts\/932\/revisions\/940"}],"wp:featuredmedia":[{"embeddable":true,"href":"https:\/\/website.rc-awr.at\/index.php?rest_route=\/wp\/v2\/media\/937"}],"wp:attachment":[{"href":"https:\/\/website.rc-awr.at\/index.php?rest_route=%2Fwp%2Fv2%2Fmedia&parent=932"}],"wp:term":[{"taxonomy":"category","embeddable":true,"href":"https:\/\/website.rc-awr.at\/index.php?rest_route=%2Fwp%2Fv2%2Fcategories&post=932"},{"taxonomy":"post_tag","embeddable":true,"href":"https:\/\/website.rc-awr.at\/index.php?rest_route=%2Fwp%2Fv2%2Ftags&post=932"}],"curies":[{"name":"wp","href":"https:\/\/api.w.org\/{rel}","templated":true}]}}