{"id":947,"date":"2022-06-10T14:39:15","date_gmt":"2022-06-10T12:39:15","guid":{"rendered":"https:\/\/rc-awr.at\/?p=947"},"modified":"2022-06-10T14:40:23","modified_gmt":"2022-06-10T12:40:23","slug":"annas-erstes-kriterium","status":"publish","type":"post","link":"https:\/\/website.rc-awr.at\/?p=947","title":{"rendered":"Annas erstes Kriterium"},"content":{"rendered":"<p>Am Donnerstag (09.06.2022) rief der VICC wieder zu einem Kriterium am Cyclodrom auf der Donauinsel. Nachdem unsere Anna auf Grund einer Lizenzproblematik nicht bei der \u00d6M am vergangenen Sonntag starten durfte, nutzte sie diese Gelegenheit, um ihre Form in Sachen Kriterium zu \u00fcberpr\u00fcfen.<\/p>\n<p>Hier ihr Statement:<br \/>\nHeute fuhr ich mein erstes Kriterium Rennen. Schon beim Aufw\u00e4rmen hatte ich 150 Durchschnittspuls, war also ziemlich aufgeregt. Nebenbei: Richard hat mir vor dem Rennen einige Tipps gegeben, die ich versuchte umzusetzen &#8211; Herzlichen Dank daf\u00fcr.<br \/>\nAuf zum Start. Von Anfang an ging es flott dahin, ich konnte das Tempo gut mithalten aber bei den Sprints fehlte mir noch ein bisschen &#8222;Schmalz&#8220;. Taktik ist auch so eine Sache, hier muss noch ein wenig Erfahrung sammeln. Im gro\u00dfen und ganzen mit meiner Leistung zufrieden, konnte ich doch mein erstes Kriterium sturzfrei beenden und hatte eine Menge Spass als einzige Damen-Master Teilnehmerin..<\/p>\n<p>Weiters am Start waren Richard und Mario Rettegi. Richard versemmelte siner Aussage nach den letzten Sprint, somit verpasste er die Gelegenheit, den frisch gek\u00fcrten Meister bei den Master I Michi Kr\u00f6ll zu schlagen.<br \/>\nMario Rettegi, bald schon ein &#8222;alter&#8220; Hase auf dem Parcour, wurde bester U15 Fahrer.<\/p>\n<div id='gallery-1' class='gallery galleryid-947 gallery-columns-2 gallery-size-thumbnail'><figure class='gallery-item'>\n\t\t\t<div class='gallery-icon landscape'>\n\t\t\t\t<a href='https:\/\/website.rc-awr.at\/?attachment_id=946'><img width=\"150\" height=\"150\" src=\"https:\/\/website.rc-awr.at\/wp-content\/uploads\/2022\/06\/DI_04-150x150.jpg\" class=\"attachment-thumbnail size-thumbnail\" alt=\"\" decoding=\"async\" loading=\"lazy\" aria-describedby=\"gallery-1-946\" \/><\/a>\n\t\t\t<\/div>\n\t\t\t\t<figcaption class='wp-caption-text gallery-caption' id='gallery-1-946'>\n\t\t\t\tMario in Front\n\t\t\t\t<\/figcaption><\/figure><figure class='gallery-item'>\n\t\t\t<div class='gallery-icon landscape'>\n\t\t\t\t<a href='https:\/\/website.rc-awr.at\/?attachment_id=945'><img width=\"150\" height=\"150\" src=\"https:\/\/website.rc-awr.at\/wp-content\/uploads\/2022\/06\/DI_03-150x150.jpg\" class=\"attachment-thumbnail size-thumbnail\" alt=\"\" decoding=\"async\" loading=\"lazy\" aria-describedby=\"gallery-1-945\" \/><\/a>\n\t\t\t<\/div>\n\t\t\t\t<figcaption class='wp-caption-text gallery-caption' id='gallery-1-945'>\n\t\t\t\tAnna u. Mario\n\t\t\t\t<\/figcaption><\/figure><figure class='gallery-item'>\n\t\t\t<div class='gallery-icon landscape'>\n\t\t\t\t<a href='https:\/\/website.rc-awr.at\/?attachment_id=944'><img width=\"150\" height=\"150\" src=\"https:\/\/website.rc-awr.at\/wp-content\/uploads\/2022\/06\/DI_02-150x150.jpg\" class=\"attachment-thumbnail size-thumbnail\" alt=\"\" decoding=\"async\" loading=\"lazy\" aria-describedby=\"gallery-1-944\" \/><\/a>\n\t\t\t<\/div>\n\t\t\t\t<figcaption class='wp-caption-text gallery-caption' id='gallery-1-944'>\n\t\t\t\tAnna in Front\n\t\t\t\t<\/figcaption><\/figure><figure class='gallery-item'>\n\t\t\t<div class='gallery-icon landscape'>\n\t\t\t\t<a href='https:\/\/website.rc-awr.at\/?attachment_id=943'><img width=\"150\" height=\"150\" src=\"https:\/\/website.rc-awr.at\/wp-content\/uploads\/2022\/06\/DI_01-150x150.jpg\" class=\"attachment-thumbnail size-thumbnail\" alt=\"\" decoding=\"async\" loading=\"lazy\" aria-describedby=\"gallery-1-943\" \/><\/a>\n\t\t\t<\/div>\n\t\t\t\t<figcaption class='wp-caption-text gallery-caption' id='gallery-1-943'>\n\t\t\t\tMario\n\t\t\t\t<\/figcaption><\/figure>\n\t\t<\/div>\n\n<p>&nbsp;<\/p>\n<p>Bericht: Zsigo, Schindler<\/p>\n<p>&nbsp;<\/p>\n","protected":false},"excerpt":{"rendered":"<p>Am Donnerstag (09.06.2022) rief der VICC wieder zu einem Kriterium am Cyclodrom auf der Donauinsel. Nachdem unsere Anna auf Grund einer Lizenzproblematik nicht bei der &Ouml;M am vergangenen Sonntag starten<\/p>\n","protected":false},"author":2,"featured_media":945,"comment_status":"open","ping_status":"open","sticky":false,"template":"","format":"standard","meta":[],"categories":[1],"tags":[],"_links":{"self":[{"href":"https:\/\/website.rc-awr.at\/index.php?rest_route=\/wp\/v2\/posts\/947"}],"collection":[{"href":"https:\/\/website.rc-awr.at\/index.php?rest_route=\/wp\/v2\/posts"}],"about":[{"href":"https:\/\/website.rc-awr.at\/index.php?rest_route=\/wp\/v2\/types\/post"}],"author":[{"embeddable":true,"href":"https:\/\/website.rc-awr.at\/index.php?rest_route=\/wp\/v2\/users\/2"}],"replies":[{"embeddable":true,"href":"https:\/\/website.rc-awr.at\/index.php?rest_route=%2Fwp%2Fv2%2Fcomments&post=947"}],"version-history":[{"count":4,"href":"https:\/\/website.rc-awr.at\/index.php?rest_route=\/wp\/v2\/posts\/947\/revisions"}],"predecessor-version":[{"id":951,"href":"https:\/\/website.rc-awr.at\/index.php?rest_route=\/wp\/v2\/posts\/947\/revisions\/951"}],"wp:featuredmedia":[{"embeddable":true,"href":"https:\/\/website.rc-awr.at\/index.php?rest_route=\/wp\/v2\/media\/945"}],"wp:attachment":[{"href":"https:\/\/website.rc-awr.at\/index.php?rest_route=%2Fwp%2Fv2%2Fmedia&parent=947"}],"wp:term":[{"taxonomy":"category","embeddable":true,"href":"https:\/\/website.rc-awr.at\/index.php?rest_route=%2Fwp%2Fv2%2Fcategories&post=947"},{"taxonomy":"post_tag","embeddable":true,"href":"https:\/\/website.rc-awr.at\/index.php?rest_route=%2Fwp%2Fv2%2Ftags&post=947"}],"curies":[{"name":"wp","href":"https:\/\/api.w.org\/{rel}","templated":true}]}}