{"id":974,"date":"2022-06-19T18:24:05","date_gmt":"2022-06-19T16:24:05","guid":{"rendered":"https:\/\/rc-awr.at\/?p=974"},"modified":"2022-06-19T18:25:50","modified_gmt":"2022-06-19T16:25:50","slug":"mondseemarathon-peter-gruenzweig-am-weg-zurueck","status":"publish","type":"post","link":"https:\/\/website.rc-awr.at\/?p=974","title":{"rendered":"Mondseemarathon &#8211; Peter Gr\u00fcnzweig am Weg zur\u00fcck.."},"content":{"rendered":"<p>Hier ein kurzer Bericht von <strong>Peter Gr\u00fcnzweig<\/strong>s Teilnahme 140 km, 1440hm.<\/p>\n<p>Nach einem nicht gerade optimalem Fr\u00fchjahr mit Verletzung, Krankheit und l\u00e4ngerer Trainingspause nahm ich nach einer relativ kurzen Vorbereitung von vier Wochen den Radmarathon im wundersch\u00f6nen Salzkammergut in Angriff.<br \/>\nGemeldet f\u00fcr die 200 km reduzierte ich die Distanz auf die Strecke B mit 140 km und 1400hm. Dies hatte zur Folge, das Rennen etwas zeitversetzt um 7 Uhr 5 aus Startblock 2 zu starten.<\/p>\n<p>Bei Kaiserwetter ging es Richtung Salzburg gleich ordentlich zur Sache.<br \/>\nNach dem Anstieg nach Hof konnten wir bereits auf eine Gruppe von Startblock 1 aufschlie\u00dfen. Vorbei am Fuschlsee und Wolfgangsee fuhren wir mit wechselnden Tempo nach Bad Ischl. Geleitet von einem Motorrad ging es durch die Altstadt. Raus aus Bad Ischl , dem Anstieg ins Weissenbachtal wurde wieder ordentlich Tempo gemacht und ich konnte mich mit einer kleinen Gruppe absetzen. In Weissenbach stie\u00dfen wir erneut auf eine sehr gro\u00dfe Gruppe von Startblock 1. Weiter ging es auf der ber\u00fchmten Zeitfahrstrecke vom KOTL bis zur Ortschaft Attersee. Beim Linksabzweig Richtung Attergau und den darauffolgenden Anstiegen, teilte sich das gro\u00dfe Feld zusehends.<br \/>\n\u00dcber den echt harten Schlussanstieg auf den Lichtenberg ging es mit 4 Mann und einer Frau die letzten 20 welligen km ins Ziel zum Mondsee.<\/p>\n<p>Ich finishte mit einer Zeit von 4 h 06 min. und einem Schnitt von 34 km\/h, das ergab den <strong>145. Gesamtrang , AK Platz 27<\/strong>.<\/p>\n<p>Nach der kurzen Vorbereitung und endlich wieder ann\u00e4hernd schmerzfrei Radfahren bin ich mit meiner Leistung sehr zufrieden.<\/p>\n<p>LG Peter<\/p>\n<div id='gallery-1' class='gallery galleryid-974 gallery-columns-3 gallery-size-thumbnail'><figure class='gallery-item'>\n\t\t\t<div class='gallery-icon landscape'>\n\t\t\t\t<a href='https:\/\/website.rc-awr.at\/?attachment_id=971'><img width=\"150\" height=\"150\" src=\"https:\/\/website.rc-awr.at\/wp-content\/uploads\/2022\/06\/Mondsee_s_01-150x150.jpg\" class=\"attachment-thumbnail size-thumbnail\" alt=\"\" decoding=\"async\" loading=\"lazy\" \/><\/a>\n\t\t\t<\/div><\/figure><figure class='gallery-item'>\n\t\t\t<div class='gallery-icon landscape'>\n\t\t\t\t<a href='https:\/\/website.rc-awr.at\/?attachment_id=972'><img width=\"150\" height=\"150\" src=\"https:\/\/website.rc-awr.at\/wp-content\/uploads\/2022\/06\/Mondsee_s_02-150x150.jpg\" class=\"attachment-thumbnail size-thumbnail\" alt=\"\" decoding=\"async\" loading=\"lazy\" \/><\/a>\n\t\t\t<\/div><\/figure><figure class='gallery-item'>\n\t\t\t<div class='gallery-icon landscape'>\n\t\t\t\t<a href='https:\/\/website.rc-awr.at\/?attachment_id=973'><img width=\"150\" height=\"150\" src=\"https:\/\/website.rc-awr.at\/wp-content\/uploads\/2022\/06\/Mondsee_s_03-150x150.jpg\" class=\"attachment-thumbnail size-thumbnail\" alt=\"\" decoding=\"async\" loading=\"lazy\" \/><\/a>\n\t\t\t<\/div><\/figure>\n\t\t<\/div>\n\n<p>Bericht: Gr\u00fcnzweig<\/p>\n<p>Wir w\u00fcnschen alles Gute f\u00fcr deine weitere Radsportkarriere!<\/p>\n","protected":false},"excerpt":{"rendered":"<p>Hier ein kurzer Bericht von Peter Gr&uuml;nzweigs Teilnahme 140 km, 1440hm. Nach einem nicht gerade optimalem Fr&uuml;hjahr mit Verletzung, Krankheit und l&auml;ngerer Trainingspause nahm ich nach einer relativ kurzen Vorbereitung<\/p>\n","protected":false},"author":2,"featured_media":972,"comment_status":"open","ping_status":"open","sticky":false,"template":"","format":"standard","meta":[],"categories":[1],"tags":[],"_links":{"self":[{"href":"https:\/\/website.rc-awr.at\/index.php?rest_route=\/wp\/v2\/posts\/974"}],"collection":[{"href":"https:\/\/website.rc-awr.at\/index.php?rest_route=\/wp\/v2\/posts"}],"about":[{"href":"https:\/\/website.rc-awr.at\/index.php?rest_route=\/wp\/v2\/types\/post"}],"author":[{"embeddable":true,"href":"https:\/\/website.rc-awr.at\/index.php?rest_route=\/wp\/v2\/users\/2"}],"replies":[{"embeddable":true,"href":"https:\/\/website.rc-awr.at\/index.php?rest_route=%2Fwp%2Fv2%2Fcomments&post=974"}],"version-history":[{"count":5,"href":"https:\/\/website.rc-awr.at\/index.php?rest_route=\/wp\/v2\/posts\/974\/revisions"}],"predecessor-version":[{"id":979,"href":"https:\/\/website.rc-awr.at\/index.php?rest_route=\/wp\/v2\/posts\/974\/revisions\/979"}],"wp:featuredmedia":[{"embeddable":true,"href":"https:\/\/website.rc-awr.at\/index.php?rest_route=\/wp\/v2\/media\/972"}],"wp:attachment":[{"href":"https:\/\/website.rc-awr.at\/index.php?rest_route=%2Fwp%2Fv2%2Fmedia&parent=974"}],"wp:term":[{"taxonomy":"category","embeddable":true,"href":"https:\/\/website.rc-awr.at\/index.php?rest_route=%2Fwp%2Fv2%2Fcategories&post=974"},{"taxonomy":"post_tag","embeddable":true,"href":"https:\/\/website.rc-awr.at\/index.php?rest_route=%2Fwp%2Fv2%2Ftags&post=974"}],"curies":[{"name":"wp","href":"https:\/\/api.w.org\/{rel}","templated":true}]}}